{"id":112353,"date":"2021-03-02T11:18:05","date_gmt":"2021-03-02T16:18:05","guid":{"rendered":"https:\/\/linitiative.ca\/International\/mali-la-justice-annule-les-procedures-dans-laffaire-du-complot-contre-letat\/"},"modified":"2021-03-02T11:18:05","modified_gmt":"2021-03-02T16:18:05","slug":"mali-la-justice-annule-les-procedures-dans-laffaire-du-complot-contre-letat","status":"publish","type":"post","link":"https:\/\/linitiative.ca\/International\/mali-la-justice-annule-les-procedures-dans-laffaire-du-complot-contre-letat\/","title":{"rendered":"Mali : la justice annule les proc\u00e9dures dans l\u2019affaire du \u00ab complot contre l\u2019\u00c9tat \u00bb"},"content":{"rendered":"<div readability=\"32\">\n<p>Publi\u00e9 le 02.03.2021 \u00e0 17h18 par APA News<\/p>\n<\/div>\n<div readability=\"43\">\n<p>La Cour d\u2019appel de Bamako a \u00e9galement prononc\u00e9 la lev\u00e9e des mandats de d\u00e9p\u00f4ts dans cette affaire o\u00f9 \u00e9taient cit\u00e9s l\u2019ex Premier ministre Boubou Ciss\u00e9, l\u2019activiste Ras Bath et cinq autres personnalit\u00e9s.Les pr\u00e9venus sortiront de prison d\u00e8s ce soir selon les avocats de la d\u00e9fense. L\u2019ex-Premier ministre Boubou Ciss\u00e9 et plusieurs hauts cadres d\u2019institutions maliennes \u00e9taient poursuivis pour leur participation \u00e0 un pr\u00e9sum\u00e9 complot contre l\u2019Etat.<\/p>\n<p>Fin d\u00e9cembre, plusieurs personnalit\u00e9s dont le chroniqueur radio Ras Bath ont \u00e9t\u00e9 arr\u00eat\u00e9es par la s\u00e9curit\u00e9 d\u2019Etat, les services de renseignement maliens. Ils sont en d\u00e9tention depuis, la justice malienne ayant lanc\u00e9 une proc\u00e9dure \u00e0 leur encontre.<\/p>\n<\/div>\n<p>Auteur: APA News<br \/>\n<a href=\"https:\/\/www.journalducameroun.com\/mali-la-justice-annule-les-procedures-dans-laffaire-du-complot-contre-letat\/\">Cliquez ici pour lire l&rsquo;article depuis sa source.<\/a><\/p>\n","protected":false},"excerpt":{"rendered":"<p>Publi\u00e9 le 02.03.2021 \u00e0 17h18 par APA News La Cour d\u2019appel de Bamako a \u00e9galement prononc\u00e9 la lev\u00e9e des mandats de d\u00e9p\u00f4ts dans cette affaire o\u00f9 \u00e9taient cit\u00e9s l\u2019ex Premier ministre Boubou Ciss\u00e9, l\u2019activiste Ras Bath et cinq autres personnalit\u00e9s.Les pr\u00e9venus sortiront de prison d\u00e8s ce soir selon les avocats de la d\u00e9fense. L\u2019ex-Premier ministre [&hellip;]<\/p>\n","protected":false},"author":1965,"featured_media":0,"comment_status":"closed","ping_status":"closed","sticky":false,"template":"","format":"standard","meta":{"fifu_image_url":"","fifu_image_alt":"","footnotes":""},"categories":[73,82],"tags":[],"class_list":["post-112353","post","type-post","status-publish","format-standard","hentry","category-actualite","category-cameroun"],"_links":{"self":[{"href":"https:\/\/linitiative.ca\/International\/wp-json\/wp\/v2\/posts\/112353","targetHints":{"allow":["GET"]}}],"collection":[{"href":"https:\/\/linitiative.ca\/International\/wp-json\/wp\/v2\/posts"}],"about":[{"href":"https:\/\/linitiative.ca\/International\/wp-json\/wp\/v2\/types\/post"}],"author":[{"embeddable":true,"href":"https:\/\/linitiative.ca\/International\/wp-json\/wp\/v2\/users\/1965"}],"replies":[{"embeddable":true,"href":"https:\/\/linitiative.ca\/International\/wp-json\/wp\/v2\/comments?post=112353"}],"version-history":[{"count":0,"href":"https:\/\/linitiative.ca\/International\/wp-json\/wp\/v2\/posts\/112353\/revisions"}],"wp:attachment":[{"href":"https:\/\/linitiative.ca\/International\/wp-json\/wp\/v2\/media?parent=112353"}],"wp:term":[{"taxonomy":"category","embeddable":true,"href":"https:\/\/linitiative.ca\/International\/wp-json\/wp\/v2\/categories?post=112353"},{"taxonomy":"post_tag","embeddable":true,"href":"https:\/\/linitiative.ca\/International\/wp-json\/wp\/v2\/tags?post=112353"}],"curies":[{"name":"wp","href":"https:\/\/api.w.org\/{rel}","templated":true}]}}