{"id":112354,"date":"2021-03-02T12:18:02","date_gmt":"2021-03-02T17:18:02","guid":{"rendered":"https:\/\/linitiative.ca\/International\/covid-19-le-nigeria-receptionne-4-millions-de-doses-de-covax\/"},"modified":"2021-03-02T12:18:02","modified_gmt":"2021-03-02T17:18:02","slug":"covid-19-le-nigeria-receptionne-4-millions-de-doses-de-covax","status":"publish","type":"post","link":"https:\/\/linitiative.ca\/International\/covid-19-le-nigeria-receptionne-4-millions-de-doses-de-covax\/","title":{"rendered":"Covid-19 : le Nigeria r\u00e9ceptionne 4 millions de doses de Covax"},"content":{"rendered":"<div readability=\"32\">\n<p>Publi\u00e9 le 02.03.2021 \u00e0 18h18 par APA News<\/p>\n<\/div>\n<div readability=\"63\">\n<p>Il s\u2019agit du premier lot des 16 millions de doses AstraZeneca\/Oxford qui doit arriver au Nigeria dans les prochains mois.Un vol transportant 3,94 millions de doses est arriv\u00e9 peu avant midi \u00e0 l\u2019a\u00e9roport international Nnamdi Azikiwe, dans la capitale Abuja.<\/p>\n<p>Pays le peupl\u00e9 d\u2019Afrique avec 219 millions d\u2019habitants, le Nigeria a donn\u00e9 la priorit\u00e9 dans cette campagne de vaccination \u00ab au personnel soignants et les professions \u00e0 risque \u00bb \u00e0 partir de vendredi, a d\u00e9clar\u00e9 le porte-parole de la pr\u00e9sidence Garba Shehu<\/p>\n<p>Le pr\u00e9sident Muhammadu Buhari et le vice-pr\u00e9sident recevront \u00e9galement une injection d\u00e8s samedi ajoute la m\u00eame source.<\/p>\n<p>\u00ab C\u2019est un grand jour pour le Nigeria \u00bb, a d\u00e9clar\u00e9 le directeur de l\u2019agence nationale en charge des programmes d\u2019immunisation, le Dr Faisal Shuaib. \u00ab Nous avons travaill\u00e9 dur pour \u00eatre pr\u00eats \u00e0 administrer le vaccin au personnel de sant\u00e9. \u00bb<\/p>\n<p>Le Nigeria veut vacciner au moins 70% des Nig\u00e9rians de plus de 18 ans d\u2019ici les deux prochaines ann\u00e9es. Mais ce chiffre para\u00eet tr\u00e8s ambitieux, compte tenu des immenses d\u00e9fis s\u00e9curitaires et logistiques dans ce pays immense, tr\u00e8s peupl\u00e9, aux conditions m\u00e9t\u00e9orologiques difficiles et o\u00f9 les routes sont difficilement praticables.<\/p>\n<p>Le Nigeria comptait lundi soir 156.017 cas de Covid-19 recens\u00e9s, pour 133.904 gu\u00e9risons et 1.915 d\u00e9c\u00e8s.<\/p>\n<\/div>\n<p>Auteur: APA News<br \/>\n<a href=\"https:\/\/www.journalducameroun.com\/covid-19-le-nigeria-receptionne-4-millions-de-doses-de-covax\/\">Cliquez ici pour lire l&rsquo;article depuis sa source.<\/a><\/p>\n","protected":false},"excerpt":{"rendered":"<p>Publi\u00e9 le 02.03.2021 \u00e0 18h18 par APA News Il s\u2019agit du premier lot des 16 millions de doses AstraZeneca\/Oxford qui doit arriver au Nigeria dans les prochains mois.Un vol transportant 3,94 millions de doses est arriv\u00e9 peu avant midi \u00e0 l\u2019a\u00e9roport international Nnamdi Azikiwe, dans la capitale Abuja. Pays le peupl\u00e9 d\u2019Afrique avec 219 millions [&hellip;]<\/p>\n","protected":false},"author":1965,"featured_media":0,"comment_status":"closed","ping_status":"closed","sticky":false,"template":"","format":"standard","meta":{"fifu_image_url":"","fifu_image_alt":"","footnotes":""},"categories":[73,82],"tags":[],"class_list":["post-112354","post","type-post","status-publish","format-standard","hentry","category-actualite","category-cameroun"],"_links":{"self":[{"href":"https:\/\/linitiative.ca\/International\/wp-json\/wp\/v2\/posts\/112354","targetHints":{"allow":["GET"]}}],"collection":[{"href":"https:\/\/linitiative.ca\/International\/wp-json\/wp\/v2\/posts"}],"about":[{"href":"https:\/\/linitiative.ca\/International\/wp-json\/wp\/v2\/types\/post"}],"author":[{"embeddable":true,"href":"https:\/\/linitiative.ca\/International\/wp-json\/wp\/v2\/users\/1965"}],"replies":[{"embeddable":true,"href":"https:\/\/linitiative.ca\/International\/wp-json\/wp\/v2\/comments?post=112354"}],"version-history":[{"count":0,"href":"https:\/\/linitiative.ca\/International\/wp-json\/wp\/v2\/posts\/112354\/revisions"}],"wp:attachment":[{"href":"https:\/\/linitiative.ca\/International\/wp-json\/wp\/v2\/media?parent=112354"}],"wp:term":[{"taxonomy":"category","embeddable":true,"href":"https:\/\/linitiative.ca\/International\/wp-json\/wp\/v2\/categories?post=112354"},{"taxonomy":"post_tag","embeddable":true,"href":"https:\/\/linitiative.ca\/International\/wp-json\/wp\/v2\/tags?post=112354"}],"curies":[{"name":"wp","href":"https:\/\/api.w.org\/{rel}","templated":true}]}}