{"id":112356,"date":"2021-03-02T13:18:01","date_gmt":"2021-03-02T18:18:01","guid":{"rendered":"https:\/\/linitiative.ca\/International\/rdc-un-proche-tshisekedi-a-la-tete-du-senat\/"},"modified":"2021-03-02T13:18:01","modified_gmt":"2021-03-02T18:18:01","slug":"rdc-un-proche-tshisekedi-a-la-tete-du-senat","status":"publish","type":"post","link":"https:\/\/linitiative.ca\/International\/rdc-un-proche-tshisekedi-a-la-tete-du-senat\/","title":{"rendered":"RDC : un proche Tshisekedi \u00e0 la t\u00eate du S\u00e9nat"},"content":{"rendered":"<div readability=\"32\">\n<p>Publi\u00e9 le 02.03.2021 \u00e0 19h18 par APA News<\/p>\n<\/div>\n<div readability=\"56\">\n<p>Un proche du pr\u00e9sident F\u00e9lix Tshisekedi est \u00e9lu \u00e0 la t\u00eate du S\u00e9nat en R\u00e9publique d\u00e9mocratique du Congo.Le loyaliste Modeste Bahati Lukweba (65 ans), candidat unique \u00e0 la pr\u00e9sidence, a \u00e9t\u00e9 port\u00e9 \u00e0 la t\u00eate du S\u00e9nat avec 89 voix sur les 98 s\u00e9nateurs pr\u00e9sents.<\/p>\n<p>Nomm\u00e9 \u00ab informateur \u00bb apr\u00e8s les consultations au terme desquelles le pr\u00e9sident F\u00e9lix Tshisekedi a proclam\u00e9 la rupture de l\u2019alliance de gouvernement conclue avec le Front commun pour le Congo (FCC) de l\u2019ancien pr\u00e9sident Joseph Kabila, M. Bahati est parvenu \u00e0 se positionner comme un incontournable dans la classe politique congolaise.<\/p>\n<p>L\u2019\u00e9lection de cet ancien proche Joseph Kabila, qui avait ralli\u00e9 Tshisekedi en juillet 2019 \u00e9tait pr\u00e9visible surtout apr\u00e8s la constitution d\u2019une nouvelle majorit\u00e9 parlementaire gr\u00e2ce aux membres de l\u2019union sacr\u00e9e.<\/p>\n<p>F\u00e9lix Tshisekedi sort renforcer de cette crise politique qui l\u2019opposait \u00e0 son pr\u00e9d\u00e9cesseur Joseph Kabila. L\u2019actuel pr\u00e9sident a r\u00e9ussi \u00e0 placer ses hommes de confiance \u00e0 la t\u00eate des trois plus importantes institutions politiques du pays<\/p>\n<p>Avant l\u2019\u00e9lection de Bahati Lukweba au S\u00e9nat, Christophe Mboso \u00e9tait port\u00e9 \u00e0 la t\u00eate de l\u2019Assembl\u00e9e nationale et Jean-Michel Sama Lukonde, \u00e0 la Primature.<\/p>\n<\/div>\n<p>Auteur: APA News<br \/>\n<a href=\"https:\/\/www.journalducameroun.com\/rdc-un-proche-tshisekedi-a-la-tete-du-senat\/\">Cliquez ici pour lire l&rsquo;article depuis sa source.<\/a><\/p>\n","protected":false},"excerpt":{"rendered":"<p>Publi\u00e9 le 02.03.2021 \u00e0 19h18 par APA News Un proche du pr\u00e9sident F\u00e9lix Tshisekedi est \u00e9lu \u00e0 la t\u00eate du S\u00e9nat en R\u00e9publique d\u00e9mocratique du Congo.Le loyaliste Modeste Bahati Lukweba (65 ans), candidat unique \u00e0 la pr\u00e9sidence, a \u00e9t\u00e9 port\u00e9 \u00e0 la t\u00eate du S\u00e9nat avec 89 voix sur les 98 s\u00e9nateurs pr\u00e9sents. Nomm\u00e9 \u00ab [&hellip;]<\/p>\n","protected":false},"author":1965,"featured_media":0,"comment_status":"closed","ping_status":"closed","sticky":false,"template":"","format":"standard","meta":{"fifu_image_url":"","fifu_image_alt":"","footnotes":""},"categories":[73,82],"tags":[],"class_list":["post-112356","post","type-post","status-publish","format-standard","hentry","category-actualite","category-cameroun"],"_links":{"self":[{"href":"https:\/\/linitiative.ca\/International\/wp-json\/wp\/v2\/posts\/112356","targetHints":{"allow":["GET"]}}],"collection":[{"href":"https:\/\/linitiative.ca\/International\/wp-json\/wp\/v2\/posts"}],"about":[{"href":"https:\/\/linitiative.ca\/International\/wp-json\/wp\/v2\/types\/post"}],"author":[{"embeddable":true,"href":"https:\/\/linitiative.ca\/International\/wp-json\/wp\/v2\/users\/1965"}],"replies":[{"embeddable":true,"href":"https:\/\/linitiative.ca\/International\/wp-json\/wp\/v2\/comments?post=112356"}],"version-history":[{"count":0,"href":"https:\/\/linitiative.ca\/International\/wp-json\/wp\/v2\/posts\/112356\/revisions"}],"wp:attachment":[{"href":"https:\/\/linitiative.ca\/International\/wp-json\/wp\/v2\/media?parent=112356"}],"wp:term":[{"taxonomy":"category","embeddable":true,"href":"https:\/\/linitiative.ca\/International\/wp-json\/wp\/v2\/categories?post=112356"},{"taxonomy":"post_tag","embeddable":true,"href":"https:\/\/linitiative.ca\/International\/wp-json\/wp\/v2\/tags?post=112356"}],"curies":[{"name":"wp","href":"https:\/\/api.w.org\/{rel}","templated":true}]}}