{"id":112361,"date":"2021-03-03T11:00:46","date_gmt":"2021-03-03T16:00:46","guid":{"rendered":"https:\/\/linitiative.ca\/International\/budgetisation-sensible-a-lenfant-le-maroc-pionnier\/"},"modified":"2021-03-03T11:00:46","modified_gmt":"2021-03-03T16:00:46","slug":"budgetisation-sensible-a-lenfant-le-maroc-pionnier","status":"publish","type":"post","link":"https:\/\/linitiative.ca\/International\/budgetisation-sensible-a-lenfant-le-maroc-pionnier\/","title":{"rendered":"Budg\u00e9tisation sensible \u00e0 l\u2019enfant : Le Maroc pionnier"},"content":{"rendered":"<header>\n<\/header>\n<div class=\"entry-content clearfix\" readability=\"61\">\n<figure class=\"post-thumbnail\" itemprop=\"associatedMedia\" itemscope=\"itemscope\" itemtype=\"http:\/\/schema.org\/ImageObject\"><img decoding=\"async\" class=\"post_layout_5_img\" src=\"http:\/\/aujourdhui.ma\/wp-content\/uploads\/2021\/03\/Budgetisation-sensible-a-lenfant-Le-Maroc-pionnier.jpg\" alt=\"Budg\u00e9tisation sensible \u00e0 l\u2019enfant : Le Maroc pionnier\"\/><\/figure>\n<p><span class=\"c5\"><strong>Pacte national pour l\u2019enfance \u00e0 l\u2019horizon 2030<\/strong><\/span><span id=\"more-369993\"\/><\/p>\n<p>La concr\u00e9tisation du Pacte national pour l\u2019enfance \u00e0 l\u2019horizon 2030 dans sa composante Budg\u00e9tisation sensible \u00e0 l\u2019enfant (BSE) est en marche. La semaine derni\u00e8re, dans le cadre de la collaboration tripartite entre le minist\u00e8re de l\u2019Economie, des finances et de la r\u00e9forme de l\u2019edministration, l\u2019Observatoire National des droits de l\u2019enfant (ONDE) et l\u2019Unicef, les repr\u00e9sentants des minist\u00e8res concern\u00e9s par la BSE ont achev\u00e9 leur formation certifiante, d\u00e9ploy\u00e9e par Oxford Policy Management, signale un communiqu\u00e9 conjoint des 3 parties concern\u00e9es. Cette formation a permis d\u2019outiller et de sensibiliser les partenaires nationaux concern\u00e9s \u00e0 cette th\u00e9matique pour des budgets plus efficaces, efficients et \u00e9quitables en faveur des enfants. Cette collaboration constitue un pas en avant vers la concr\u00e9tisation de la mise en \u0153uvre du Pacte national pour l\u2019Enfance \u00e0 l\u2019horizon 2030, con\u00e7u par l\u2019ONDE et act\u00e9 devant Son Altesse Royale La Princesse Lalla Meryem par les diff\u00e9rents D\u00e9partements concern\u00e9s par la question de l\u2019Enfance lors de la 16\u00e8me \u00e9dition du Congr\u00e8s national des droits de l\u2019enfant en novembre 2019 .<\/p>\n<p>Ainsi, l\u2019int\u00e9gration de la dimension enfance au niveau des budgets des diff\u00e9rents d\u00e9partements minist\u00e9riels \u00e9rige le Maroc en un mod\u00e8le pionnier dans son espace r\u00e9gional et continental. En effet, le Maroc est l\u2019un des premiers pays au monde \u00e0 adopter une budg\u00e9tisation sensible \u00e0 l\u2019enfant. La mise en place de cette collaboration tripartite constitue aussi une r\u00e9ponse aux observations du Comit\u00e9 des droits de l\u2019enfant des Nations Unies relatives aux d\u00e9penses publiques et aux droits de l\u2019enfant, formul\u00e9es \u00e0 l\u2019occasion de l\u2019examen des rapports p\u00e9riodiques du Maroc en 2016. \u00abCes commentaires avaient mis l\u2019emphase sur la n\u00e9cessit\u00e9 de cr\u00e9er des m\u00e9canismes sp\u00e9cifiques pour assurer la tra\u00e7abilit\u00e9 des fonds affect\u00e9s en application aux dispositions de la Convention des droits de l\u2019enfant, notamment l\u2019article 4\u00bb, indique le communiqu\u00e9.<\/p>\n<p>Il \u00e9tait aussi recommand\u00e9 de suivre une d\u00e9marche ax\u00e9e sur les droits de l\u2019enfant lors de l\u2019\u00e9laboration du budget de l\u2019Etat et d\u2019effectuer une \u00e9valuation compl\u00e8te des ressources budg\u00e9taires requises en vue d\u2019\u00e9tablir les budgets n\u00e9cessaires pour une r\u00e9duction progressive des disparit\u00e9s dans les indicateurs li\u00e9s \u00e0 l\u2019enfance, tout en d\u00e9finissant des lignes budg\u00e9taires strat\u00e9giques pour les enfants d\u00e9favoris\u00e9s ou vuln\u00e9rables.<\/p>\n<\/div>\n<p>Auteur: ALM<br \/>\n<a href=\"https:\/\/aujourdhui.ma\/societe\/budgetisation-sensible-a-lenfant-le-maroc-pionnier\">Cliquez ici pour lire l&rsquo;article depuis sa source.<\/a><\/p>\n","protected":false},"excerpt":{"rendered":"<p>Pacte national pour l\u2019enfance \u00e0 l\u2019horizon 2030 La concr\u00e9tisation du Pacte national pour l\u2019enfance \u00e0 l\u2019horizon 2030 dans sa composante Budg\u00e9tisation sensible \u00e0 l\u2019enfant (BSE) est en marche. La semaine derni\u00e8re, dans le cadre de la collaboration tripartite entre le minist\u00e8re de l\u2019Economie, des finances et de la r\u00e9forme de l\u2019edministration, l\u2019Observatoire National des droits [&hellip;]<\/p>\n","protected":false},"author":1759,"featured_media":0,"comment_status":"closed","ping_status":"closed","sticky":false,"template":"","format":"standard","meta":{"fifu_image_url":"http:\/\/aujourdhui.ma\/wp-content\/uploads\/2021\/03\/Budgetisation-sensible-a-lenfant-Le-Maroc-pionnier.jpg","fifu_image_alt":"Budg\u00e9tisation sensible \u00e0 l\u2019enfant : Le Maroc pionnier","footnotes":""},"categories":[73,54],"tags":[],"class_list":["post-112361","post","type-post","status-publish","format-standard","hentry","category-actualite","category-maroc"],"_links":{"self":[{"href":"https:\/\/linitiative.ca\/International\/wp-json\/wp\/v2\/posts\/112361","targetHints":{"allow":["GET"]}}],"collection":[{"href":"https:\/\/linitiative.ca\/International\/wp-json\/wp\/v2\/posts"}],"about":[{"href":"https:\/\/linitiative.ca\/International\/wp-json\/wp\/v2\/types\/post"}],"author":[{"embeddable":true,"href":"https:\/\/linitiative.ca\/International\/wp-json\/wp\/v2\/users\/1759"}],"replies":[{"embeddable":true,"href":"https:\/\/linitiative.ca\/International\/wp-json\/wp\/v2\/comments?post=112361"}],"version-history":[{"count":0,"href":"https:\/\/linitiative.ca\/International\/wp-json\/wp\/v2\/posts\/112361\/revisions"}],"wp:attachment":[{"href":"https:\/\/linitiative.ca\/International\/wp-json\/wp\/v2\/media?parent=112361"}],"wp:term":[{"taxonomy":"category","embeddable":true,"href":"https:\/\/linitiative.ca\/International\/wp-json\/wp\/v2\/categories?post=112361"},{"taxonomy":"post_tag","embeddable":true,"href":"https:\/\/linitiative.ca\/International\/wp-json\/wp\/v2\/tags?post=112361"}],"curies":[{"name":"wp","href":"https:\/\/api.w.org\/{rel}","templated":true}]}}