{"id":112363,"date":"2021-03-03T08:06:34","date_gmt":"2021-03-03T13:06:34","guid":{"rendered":"https:\/\/linitiative.ca\/International\/fadila-mastaka-une-militante-passionnee-pour-lamelioration-du-quotidien-de-la-gent-feminine\/"},"modified":"2021-03-03T08:06:34","modified_gmt":"2021-03-03T13:06:34","slug":"fadila-mastaka-une-militante-passionnee-pour-lamelioration-du-quotidien-de-la-gent-feminine","status":"publish","type":"post","link":"https:\/\/linitiative.ca\/International\/fadila-mastaka-une-militante-passionnee-pour-lamelioration-du-quotidien-de-la-gent-feminine\/","title":{"rendered":"Fadila Mastaka, une \u00abmilitante\u00bb passionn\u00e9e pour l\u2019am\u00e9lioration du quotidien de la gent f\u00e9minine"},"content":{"rendered":"<p class=\"c1\"><strong>Par Samir Lotfy (MAP)<\/strong><\/p>\n<p class=\"has-text-color c2\"><strong>Si accueillante, passionn\u00e9e et d\u00e9termin\u00e9e, Mme Fadila Mastaka est l\u2019exemple de la militante chevronn\u00e9e et de la femme artisane dou\u00e9e, qui fait de l\u2019am\u00e9lioration du quotidien de la gent f\u00e9minine \u00abun combat\u00bb de tous les jours.<\/strong><\/p>\n<p>M\u00e8re de trois enfants, cette native de Casablanca avait choisi, il y a une vingtaine d\u2019ann\u00e9es de s\u2019installer \u00e0 Chichaoua et de s\u2019adonner coeur et \u00e2me, \u00e0 l\u2019action associative en vue d\u2019apporter sa pierre \u00e0 l\u2019\u00e9difice des efforts visant \u00e0 am\u00e9liorer les conditions de vie de la femme et des personnes en situation de pr\u00e9carit\u00e9.<\/p>\n<p>Titulaire d\u2019une licence en anglais et d\u2019un Dipl\u00f4me d\u2019Etudes Universitaires G\u00e9n\u00e9rales (DEUG) en Droit, Mme Mastaka a cumul\u00e9 une exp\u00e9rience professionnelle qu\u2019on qualifie de \u00abriche\u00bb et \u00abvari\u00e9e\u00bb, avec comme socle un passage r\u00e9ussi au sein de plusieurs administrations et organismes.<\/p>\n<p>Un parcours professionnel reluisant ayant permis \u00e0 Mme Mastaka non seulement de nourrir une grande passion pour l\u2019\u00e9change, le partage, l\u2019ouverture, et l\u2019esprit d\u2019\u00e9quipe mais aussi d\u2019avoir un sens \u00e9lev\u00e9 de responsabilit\u00e9, de pers\u00e9v\u00e9rance, de d\u00e9vouement et de s\u00e9rieux.<\/p>\n<p>Une grande exp\u00e9rience qui avait pouss\u00e9 Mme Mastaka \u00e0 faire de l\u2019autonomisation de la femme son cheval de bataille, sans pour autant rel\u00e9guer au second rang, ses t\u00e2ches de m\u00e8re de famille.<\/p>\n<p>Cette d\u00e9termination constante \u00e0 entrer la joie dans la vie d\u2019autrui, avait permis d\u00e8s 2015, \u00e0 Mme Mastaka de se placer aux commandes de la Coop\u00e9rative \u00abAmal Ennawat\u00bb, une structure destin\u00e9e \u00e0 assurer des formations en couture et broderie, au profit des femmes de Chichaoua et des zones limitrophes.<\/p>\n<p>Au sein de la Coop\u00e9rative, Mme Mastaka jouit d\u2019un grand respect et de beaucoup d\u2019estime de la part de toutes les femmes et des jeunes filles qui l\u2019ont c\u00f4toy\u00e9e et appris d\u2019elle les techniques de la couture, de la broderie et de la s\u00e9rigraphie.<\/p>\n<p>Et pour preuve, dans l\u2019atelier de couture, les apprenantes, si d\u00e9termin\u00e9es \u00e0 acqu\u00e9rir un m\u00e9tier \u00e0 m\u00eame de leur permettre de r\u00e9aliser leur autonomie financi\u00e8re, n\u2019h\u00e9sitent pas, dans un souci de maitrise des techniques et de perfection, \u00e0 solliciter ses conseils si pr\u00e9cieux et ses remarques \u00e9clair\u00e9es.<\/p>\n<p>Une t\u00e2che que Mme Mastaka, en \u00e9ducatrice et formatrice chevronn\u00e9e, ex\u00e9cute avec tant de joie et de fiert\u00e9 surtout, que c\u2019est bien elle qui aime tant donner et partager avec ses apprenties.<\/p>\n<p>Outre ses dipl\u00f4mes acad\u00e9miques, Mme Mastaka dispose d\u2019un CV bien garni avec une s\u00e9rie d\u2019autres dipl\u00f4mes en particulier, en secr\u00e9tariat, en bureautique, en informatique, en couture traditionnelle et moderne, outre une multitude de formations dans divers domaines notamment, l\u2019animation de cours d\u2019alphab\u00e9tisation et insertion professionnelle, la cuisine et p\u00e2tisserie, la couture moderne, la broderie et c\u00e9ramique, et le tricotage.<\/p>\n<p>Mme Mastaka croit dur comme fer en l\u2019importance de l\u2019alphab\u00e9tisation et de la formation professionnelle comme \u00abun tout indivisible\u00bb pour l\u2019am\u00e9lioration des conditions de vie de la gent f\u00e9minine et son autonomisation financi\u00e8re d\u2019o\u00f9, son engagement sans faille depuis de longues ann\u00e9es en tant qu\u2019animatrice de l\u2019insertion socioprofessionnelle avec l\u2019Association Ennawat \u00abFemmes et Enfants\u00bb, ou encore comme formatrice dans les fili\u00e8res d\u2019art traditionnel \u00e0 Chichaoua.<\/p>\n<p>Elle a, en outre, travaill\u00e9 comme professeure d\u2019\u00e9ducation et d\u2019alphab\u00e9tisation dans le cadre du projet Alpha, pr\u00e9sidente de l\u2019Association provinciale d\u2019appui pour les Clubs f\u00e9minins et Centres de formation \u00e0 Chichaoua, en tant que directrice de foyer f\u00e9minin \u00e0 la province de Chichaoua ou encore comme responsable du Club f\u00e9minin au sein de l\u2019Association \u00abEl Khair\u00bb Trisomie et Handicap.<\/p>\n<p>Dans une d\u00e9claration \u00e0 la MAP, Mme Mastaka a lou\u00e9 le r\u00f4le important que joue la Coop\u00e9rative \u00abAmal Ennawat\u00bb en termes d\u2019autonomisation des femmes parmi les b\u00e9n\u00e9ficiaires et laur\u00e9ates des centres de formation professionnelle, ainsi que des \u00e9coles techniques, notant que ladite coop\u00e9rative accorde \u00e9galement une importance cruciale \u00e0 la formation dans le domaine des langues afin de renforcer les connaissances et capacit\u00e9s intellectuelles des b\u00e9n\u00e9ficiaires.<\/p>\n<p>L\u2019objectif \u00e9tant de permettre aux femmes et jeunes filles b\u00e9n\u00e9ficiaires de formation, une meilleure insertion dans le march\u00e9 de l\u2019emploi, a-t-elle expliqu\u00e9, relevant que ces domaines d\u2019activit\u00e9 n\u00e9cessitent d\u2019\u00eatre mieux outill\u00e9 pour l\u2019\u00e9tablissement d\u2019une communication efficiente et d\u2019\u00eatre dot\u00e9 d\u2019une parfaite culture.<\/p>\n<p>\u00abDepuis sa cr\u00e9ation, notre coop\u00e9rative a eu le privil\u00e8ge de former des b\u00e9n\u00e9ficiaires ayant, remarquablement, r\u00e9ussi \u00e0 am\u00e9liorer leur conditions de vie ainsi que leur niveau intellectuel\u00bb, s\u2019est elle f\u00e9licit\u00e9e, faisant savoir que la Coop\u00e9rative \u00abAmal Ennawat\u00bb a pu d\u00e9crocher une s\u00e9rie de certificats de m\u00e9rite ainsi que les labels national et r\u00e9gional de l\u2019artisanat, d\u00e9cern\u00e9s par le d\u00e9partement de tutelle et ce, gr\u00e2ce \u00e0 l\u2019appui des autorit\u00e9s provinciales et de l\u2019Initiative Nationale pour le D\u00e9veloppement Humain (INDH).<\/p>\n<p>A la faveur de cet appui, nous avons r\u00e9ussi \u00e0 acc\u00e9der aux march\u00e9s r\u00e9gional et national et \u00abtoute notre ambition est de parvenir \u00e0 int\u00e9grer le march\u00e9 international car, nous jouissons d\u2019une excellente r\u00e9putation\u00bb, a dit Mme Mastaka.<\/p>\n<p>\u00abLa Journ\u00e9e du 8 mars est une source de fiert\u00e9 pour la femme marocaine et constitue une occasion de lui rendre un vibrant hommage en mettant en valeur ses sacrifices et ses efforts inlassables en tant que partie int\u00e9grante au sein de la soci\u00e9t\u00e9\u00bb, a-t-elle enchain\u00e9, se disant tellement fi\u00e8re de voir la femme int\u00e9grer tous les secteurs d\u2019activit\u00e9.<\/p>\n<p>Elle a, dans ce sillage, exprim\u00e9 ses vifs remerciements \u00e0 Sa Majest\u00e9 le Roi Mohammed VI pour la Haute Sollicitude dont le Souverain ne cesse d\u2019entourer la gent f\u00e9minine, en pr\u00e9servant et promouvant ses droits et en consolidant sa place de choix au sein de la soci\u00e9t\u00e9 en tant que v\u00e9ritable acteur agissant aux c\u00f4t\u00e9s de l\u2019homme.<\/p>\n<p>Auteur: M&rsquo;hammed rahal<br \/>\n<a href=\"http:\/\/albayane.press.ma\/fadila-mastaka-une-militante-passionnee-pour-lamelioration-du-quotidien-de-la-gent-feminine.html\">Cliquez ici pour lire l&rsquo;article depuis sa source.<\/a><\/p>\n","protected":false},"excerpt":{"rendered":"<p>Par Samir Lotfy (MAP) Si accueillante, passionn\u00e9e et d\u00e9termin\u00e9e, Mme Fadila Mastaka est l\u2019exemple de la militante chevronn\u00e9e et de la femme artisane dou\u00e9e, qui fait de l\u2019am\u00e9lioration du quotidien de la gent f\u00e9minine \u00abun combat\u00bb de tous les jours. M\u00e8re de trois enfants, cette native de Casablanca avait choisi, il y a une vingtaine [&hellip;]<\/p>\n","protected":false},"author":1760,"featured_media":0,"comment_status":"closed","ping_status":"closed","sticky":false,"template":"","format":"standard","meta":{"fifu_image_url":"","fifu_image_alt":"","footnotes":""},"categories":[73,54],"tags":[],"class_list":["post-112363","post","type-post","status-publish","format-standard","hentry","category-actualite","category-maroc"],"_links":{"self":[{"href":"https:\/\/linitiative.ca\/International\/wp-json\/wp\/v2\/posts\/112363","targetHints":{"allow":["GET"]}}],"collection":[{"href":"https:\/\/linitiative.ca\/International\/wp-json\/wp\/v2\/posts"}],"about":[{"href":"https:\/\/linitiative.ca\/International\/wp-json\/wp\/v2\/types\/post"}],"author":[{"embeddable":true,"href":"https:\/\/linitiative.ca\/International\/wp-json\/wp\/v2\/users\/1760"}],"replies":[{"embeddable":true,"href":"https:\/\/linitiative.ca\/International\/wp-json\/wp\/v2\/comments?post=112363"}],"version-history":[{"count":0,"href":"https:\/\/linitiative.ca\/International\/wp-json\/wp\/v2\/posts\/112363\/revisions"}],"wp:attachment":[{"href":"https:\/\/linitiative.ca\/International\/wp-json\/wp\/v2\/media?parent=112363"}],"wp:term":[{"taxonomy":"category","embeddable":true,"href":"https:\/\/linitiative.ca\/International\/wp-json\/wp\/v2\/categories?post=112363"},{"taxonomy":"post_tag","embeddable":true,"href":"https:\/\/linitiative.ca\/International\/wp-json\/wp\/v2\/tags?post=112363"}],"curies":[{"name":"wp","href":"https:\/\/api.w.org\/{rel}","templated":true}]}}