{"id":112365,"date":"2021-03-03T08:15:13","date_gmt":"2021-03-03T13:15:13","guid":{"rendered":"https:\/\/linitiative.ca\/International\/dr-amal-el-aouali-une-frontliner-en-temps-de-covid-19\/"},"modified":"2021-03-03T08:15:13","modified_gmt":"2021-03-03T13:15:13","slug":"dr-amal-el-aouali-une-frontliner-en-temps-de-covid-19","status":"publish","type":"post","link":"https:\/\/linitiative.ca\/International\/dr-amal-el-aouali-une-frontliner-en-temps-de-covid-19\/","title":{"rendered":"Dr. Amal El Aouali, une frontliner en temps de Covid-19"},"content":{"rendered":"<p class=\"c1\"><strong>Bouchra Azour (MAP)<\/strong><\/p>\n<p class=\"has-text-color c2\"><strong>Dans le centre de vaccination anti-Covid 19 \u00abDar Chabab de Tamesna\u00bb, Dr. Amal El Aouali veille au c\u00f4t\u00e9 de ses confr\u00e8res au bon d\u00e9roulement de la campagne nationale de vaccination.<\/strong><\/p>\n<p>Amal fait partie des \u00abh\u00e9ros\u00bb de la nation et des frontliners luttant sans rel\u00e2che contre la propagation de la Covid-19 sur le territoire national et assurant la bonne marche de la campagne de vaccination.<\/p>\n<p>Approch\u00e9e par la MAP \u00e0 l\u2019occasion de la journ\u00e9e internationale des droits des femmes c\u00e9l\u00e9br\u00e9e le 8 mars, le m\u00e9decin du centre de sant\u00e9 \u00abTamesna 1\u00bb a affirm\u00e9 que la nature de son travail n\u00e9cessite bien des sacrifices.<\/p>\n<p>Heureusement, Amal a toujours pu compter sur le soutien ind\u00e9fectible de sa petite et grande famille, notamment en cette p\u00e9riode difficile.<\/p>\n<p>M\u00e8re de 3 enfants, Dr Amal se rem\u00e9more les premiers jours de l\u2019apparition du virus et des sacrifices que cette situation exceptionnelle a impliqu\u00e9s, notamment pour sa famille. Elle se rappelle ses craintes de devenir un facteur de contamination pour ses proches ainsi que son temps pass\u00e9 \u00e0 d\u00e9sinfecter minutieusement sa combinaison m\u00e9dicale et ses \u00e9quipements de protection avant de rejoindre son domicile.<\/p>\n<p>\u00abNous n\u2019avions pas d\u2019informations suffisantes sur la pand\u00e9mie et nous avions peur de ce virus inconnu\u00bb, a-t-elle d\u00e9clar\u00e9, indiquant qu\u2019en mai dernier, elle a fait partie d\u2019une \u00e9quipe de d\u00e9pistage du virus au sein de plusieurs organismes professionnels de la r\u00e9gion.<\/p>\n<p>Amal qui raconte n\u2019avoir pu, pendant plus d\u2019un mois, serrer sa petite fille de sept ans dans ses bras, soul\u00e8ve l\u2019impact de \u00abces petits d\u00e9tails\u00bb sur la psychologie de chaque personne.<\/p>\n<p>Douloureusement, la femme m\u00e9decin et m\u00e8re de famille se rem\u00e9more son infection \u00e0 la Covid-19 pendant l\u2019automne dernier, puis l\u2019hospitalisation de ses parents contamin\u00e9s par le virus. Mais sa plus grande inqui\u00e9tude pendant cette p\u00e9riode difficile fut le risque de contaminer les membres de sa famille et ses proches. Cependant, ses craintes n\u2019ont pas eu raison de sa d\u00e9termination, de son acharnement et de son professionnalisme pour lutter contre le virus et assurer un service m\u00e9dical le plus optimal possible aupr\u00e8s des citoyens.<\/p>\n<p>Elle n\u2019a pas manqu\u00e9 de mettre en avant l\u2019apport ind\u00e9niable des cadres m\u00e9dicaux \u00e0 l\u2019organisation de la campagne nationale de vaccination anti Covid-19, expliquant que le personnel m\u00e9dical et infirmier travaille par syst\u00e8me de rotation afin de garantir le bon d\u00e9roulement du processus, le tout en coordination avec la d\u00e9l\u00e9gation r\u00e9gionale de la sant\u00e9 et le minist\u00e8re de l\u2019Int\u00e9rieur.<\/p>\n<p>Lors de cette op\u00e9ration, les professionnels de la sant\u00e9 posent diverses questions au b\u00e9n\u00e9ficiaire, afin de conna\u00eetre son \u00e9tat de sant\u00e9 et r\u00e9v\u00e9ler la possibilit\u00e9 de prendre des pr\u00e9cautions sanitaires dans certains cas, a indiqu\u00e9 le docteur, notant que l\u2019\u00e9largissement de la cible de vaccination r\u00e9v\u00e8le une augmentation significative du nombre de personnes \u00e9ligibles \u00e0 la vaccination.<\/p>\n<p>D\u2019autre part, et afin d\u2019assurer la continuit\u00e9 des services au sein des divers centres de sant\u00e9 de la ville, Dr. Amal pr\u00e9cise que le travail est r\u00e9parti entre plusieurs groupes de personnel m\u00e9dical et infirmier \u00e0 tour de r\u00f4le.<\/p>\n<p>A l\u2019occasion de la Journ\u00e9e internationale des droits des femmes, Dr. Amal salue fi\u00e8rement toutes les femmes marocaines qui, malgr\u00e9 de nombreuses difficult\u00e9s, ont su d\u00e9ployer leurs efforts pour suivre le rythme de l\u2019enseignement \u00e0 distance impos\u00e9 par la conjoncture exceptionnelle au profit de leurs enfants.<\/p>\n<p>Elle n\u2019a \u00e9galement pas manqu\u00e9 de f\u00e9liciter \u00abl\u2019effort double\u00bb, des femmes, marocaines, actives et m\u00e8res, pendant la p\u00e9riode de confinement ainsi que les difficult\u00e9s que la situation imposait, insistant sur l\u2019importance du secteur de l\u2019enseignement et le r\u00f4le indispensable des m\u00e8res pour assurer l\u2019\u00e9ducation de leurs enfants.<\/p>\n<p>Enfin, Amal met en exergue l\u2019importance d\u2019une \u00abbonne \u00e9ducation\u00bb pour garantir des g\u00e9n\u00e9rations futures responsables \u00e0 m\u00eame de d\u00e9velopper la soci\u00e9t\u00e9.<\/p>\n<p>Auteur: M&rsquo;hammed rahal<br \/>\n<a href=\"http:\/\/albayane.press.ma\/dr-amal-el-aouali-une-frontliner-en-temps-de-covid-19.html\">Cliquez ici pour lire l&rsquo;article depuis sa source.<\/a><\/p>\n","protected":false},"excerpt":{"rendered":"<p>Bouchra Azour (MAP) Dans le centre de vaccination anti-Covid 19 \u00abDar Chabab de Tamesna\u00bb, Dr. Amal El Aouali veille au c\u00f4t\u00e9 de ses confr\u00e8res au bon d\u00e9roulement de la campagne nationale de vaccination. Amal fait partie des \u00abh\u00e9ros\u00bb de la nation et des frontliners luttant sans rel\u00e2che contre la propagation de la Covid-19 sur le [&hellip;]<\/p>\n","protected":false},"author":1760,"featured_media":0,"comment_status":"closed","ping_status":"closed","sticky":false,"template":"","format":"standard","meta":{"fifu_image_url":"","fifu_image_alt":"","footnotes":""},"categories":[73,54],"tags":[],"class_list":["post-112365","post","type-post","status-publish","format-standard","hentry","category-actualite","category-maroc"],"_links":{"self":[{"href":"https:\/\/linitiative.ca\/International\/wp-json\/wp\/v2\/posts\/112365","targetHints":{"allow":["GET"]}}],"collection":[{"href":"https:\/\/linitiative.ca\/International\/wp-json\/wp\/v2\/posts"}],"about":[{"href":"https:\/\/linitiative.ca\/International\/wp-json\/wp\/v2\/types\/post"}],"author":[{"embeddable":true,"href":"https:\/\/linitiative.ca\/International\/wp-json\/wp\/v2\/users\/1760"}],"replies":[{"embeddable":true,"href":"https:\/\/linitiative.ca\/International\/wp-json\/wp\/v2\/comments?post=112365"}],"version-history":[{"count":0,"href":"https:\/\/linitiative.ca\/International\/wp-json\/wp\/v2\/posts\/112365\/revisions"}],"wp:attachment":[{"href":"https:\/\/linitiative.ca\/International\/wp-json\/wp\/v2\/media?parent=112365"}],"wp:term":[{"taxonomy":"category","embeddable":true,"href":"https:\/\/linitiative.ca\/International\/wp-json\/wp\/v2\/categories?post=112365"},{"taxonomy":"post_tag","embeddable":true,"href":"https:\/\/linitiative.ca\/International\/wp-json\/wp\/v2\/tags?post=112365"}],"curies":[{"name":"wp","href":"https:\/\/api.w.org\/{rel}","templated":true}]}}