{"id":112369,"date":"2021-03-03T04:30:00","date_gmt":"2021-03-03T09:30:00","guid":{"rendered":"https:\/\/linitiative.ca\/International\/le-siol-dalger-revient-apres-plusieurs-reports\/"},"modified":"2021-03-03T04:30:00","modified_gmt":"2021-03-03T09:30:00","slug":"le-siol-dalger-revient-apres-plusieurs-reports","status":"publish","type":"post","link":"https:\/\/linitiative.ca\/International\/le-siol-dalger-revient-apres-plusieurs-reports\/","title":{"rendered":"Le Siol d\u2019Alger revient apr\u00e8s plusieurs reports"},"content":{"rendered":"<div id=\"originalText\" readability=\"64\">\n<p>La 14e \u00e9dition du Salon international de l\u2019optique et de la lunetterie\u00a0 (Siol-Alger-2021) s\u2019ouvre demain \u00e0 l\u2019\u00c9cole sup\u00e9rieure de\u00a0 l\u2019h\u00f4tellerie\u00a0 et\u00a0 de la restauration d\u2019A\u00efn Benian, et ce, apr\u00e8s plusieurs reports, justifi\u00e9s par la crise sanitaire et \u00e9conomique mondiale.<\/p>\n<p>Cette \u00e9dition, parrain\u00e9e par le minist\u00e8re de la Sant\u00e9, de la Population et de la R\u00e9forme hospitali\u00e8re, et qui se poursuivra jusqu\u2019au 6 mars, se veut, selon l\u2019organisateur RH. International Communication, \u201cun point d\u2019ancrage des professionnels de la fili\u00e8re de l\u2019optique\u201d.<\/p>\n<p>Ainsi,\u00a0 fabricants\u00a0 de\u00a0 verres,\u00a0 distributeurs,\u00a0 repr\u00e9sentants\u00a0 de\u00a0 marques \u00e9trang\u00e8res, sp\u00e9cialistes de montures\u00a0 optiques, de\u00a0 lunettes\u00a0 solaires, de lentilles, de mat\u00e9riels et d\u2019\u00e9quipements pour ophtalmologistes seront au rendez-vous pour apporter un nouveau contenu \u00e0 cette manifestation d\u00e9di\u00e9e aux professionnels de cette fili\u00e8re.<\/p>\n<p>Le Siol-Alger-2021 sera \u00e9galement une opportunit\u00e9 pour les participants de mettre au go\u00fbt du jour leurs revendications professionnelles, notamment en termes de mise \u00e0 niveau pour \u00eatre en ad\u00e9quation avec les normes europ\u00e9ennes en mati\u00e8re d\u2019optique et de lunetterie.<\/p>\n<\/div>\n<div id=\"text_core\" readability=\"64\">\n<p>La 14e \u00e9dition du Salon international de l\u2019optique et de la lunetterie\u00a0 (Siol-Alger-2021) s\u2019ouvre demain \u00e0 l\u2019\u00c9cole sup\u00e9rieure de\u00a0 l\u2019h\u00f4tellerie\u00a0 et\u00a0 de la restauration d\u2019A\u00efn Benian, et ce, apr\u00e8s plusieurs reports, justifi\u00e9s par la crise sanitaire et \u00e9conomique mondiale.<\/p>\n<p>Cette \u00e9dition, parrain\u00e9e par le minist\u00e8re de la Sant\u00e9, de la Population et de la R\u00e9forme hospitali\u00e8re, et qui se poursuivra jusqu\u2019au 6 mars, se veut, selon l\u2019organisateur RH. International Communication, \u201cun point d\u2019ancrage des professionnels de la fili\u00e8re de l\u2019optique\u201d.<\/p>\n<p>Ainsi,\u00a0 fabricants\u00a0 de\u00a0 verres,\u00a0 distributeurs,\u00a0 repr\u00e9sentants\u00a0 de\u00a0 marques \u00e9trang\u00e8res, sp\u00e9cialistes de montures\u00a0 optiques, de\u00a0 lunettes\u00a0 solaires, de lentilles, de mat\u00e9riels et d\u2019\u00e9quipements pour ophtalmologistes seront au rendez-vous pour apporter un nouveau contenu \u00e0 cette manifestation d\u00e9di\u00e9e aux professionnels de cette fili\u00e8re.<\/p>\n<p>Le Siol-Alger-2021 sera \u00e9galement une opportunit\u00e9 pour les participants de mettre au go\u00fbt du jour leurs revendications professionnelles, notamment en termes de mise \u00e0 niveau pour \u00eatre en ad\u00e9quation avec les normes europ\u00e9ennes en mati\u00e8re d\u2019optique et de lunetterie.<\/p>\n<\/div>\n<p>Auteur:<br \/>\n<a href=\"https:\/\/www.liberte-algerie.com\/radar\/le-siol-dalger-revient-apres-plusieurs-reports-354920\">Cliquez ici pour lire l&rsquo;article depuis sa source.<\/a><\/p>\n","protected":false},"excerpt":{"rendered":"<p>La 14e \u00e9dition du Salon international de l\u2019optique et de la lunetterie\u00a0 (Siol-Alger-2021) s\u2019ouvre demain \u00e0 l\u2019\u00c9cole sup\u00e9rieure de\u00a0 l\u2019h\u00f4tellerie\u00a0 et\u00a0 de la restauration d\u2019A\u00efn Benian, et ce, apr\u00e8s plusieurs reports, justifi\u00e9s par la crise sanitaire et \u00e9conomique mondiale. Cette \u00e9dition, parrain\u00e9e par le minist\u00e8re de la Sant\u00e9, de la Population et de la R\u00e9forme [&hellip;]<\/p>\n","protected":false},"author":1742,"featured_media":0,"comment_status":"closed","ping_status":"closed","sticky":false,"template":"","format":"standard","meta":{"fifu_image_url":"","fifu_image_alt":"","footnotes":""},"categories":[73,53],"tags":[],"class_list":["post-112369","post","type-post","status-publish","format-standard","hentry","category-actualite","category-algerie"],"_links":{"self":[{"href":"https:\/\/linitiative.ca\/International\/wp-json\/wp\/v2\/posts\/112369","targetHints":{"allow":["GET"]}}],"collection":[{"href":"https:\/\/linitiative.ca\/International\/wp-json\/wp\/v2\/posts"}],"about":[{"href":"https:\/\/linitiative.ca\/International\/wp-json\/wp\/v2\/types\/post"}],"author":[{"embeddable":true,"href":"https:\/\/linitiative.ca\/International\/wp-json\/wp\/v2\/users\/1742"}],"replies":[{"embeddable":true,"href":"https:\/\/linitiative.ca\/International\/wp-json\/wp\/v2\/comments?post=112369"}],"version-history":[{"count":0,"href":"https:\/\/linitiative.ca\/International\/wp-json\/wp\/v2\/posts\/112369\/revisions"}],"wp:attachment":[{"href":"https:\/\/linitiative.ca\/International\/wp-json\/wp\/v2\/media?parent=112369"}],"wp:term":[{"taxonomy":"category","embeddable":true,"href":"https:\/\/linitiative.ca\/International\/wp-json\/wp\/v2\/categories?post=112369"},{"taxonomy":"post_tag","embeddable":true,"href":"https:\/\/linitiative.ca\/International\/wp-json\/wp\/v2\/tags?post=112369"}],"curies":[{"name":"wp","href":"https:\/\/api.w.org\/{rel}","templated":true}]}}