{"id":112370,"date":"2021-03-03T04:30:00","date_gmt":"2021-03-03T09:30:00","guid":{"rendered":"https:\/\/linitiative.ca\/International\/alliance-assurances-se-dote-dun-nouveau-siege-regional-a-blida\/"},"modified":"2021-03-03T04:30:00","modified_gmt":"2021-03-03T09:30:00","slug":"alliance-assurances-se-dote-dun-nouveau-siege-regional-a-blida","status":"publish","type":"post","link":"https:\/\/linitiative.ca\/International\/alliance-assurances-se-dote-dun-nouveau-siege-regional-a-blida\/","title":{"rendered":"Alliance Assurances se dote d\u2019un nouveau si\u00e8ge r\u00e9gional \u00e0 Blida"},"content":{"rendered":"<div id=\"originalText\" readability=\"50\">\n<p>Alliance Assurances a \u00e9toff\u00e9 son r\u00e9seau \u00e0 travers le pays en inaugurant, hier, sa nouvelle direction r\u00e9gionale de Blida en pr\u00e9sence du P-DG de la compagnie, Hassane Khelifati, et de chefs d\u2019entreprise et autres partenaires.<\/p>\n<p>Forte de ses 260 agences d\u00e9ploy\u00e9es \u00e0 travers tout le territoire national, Alliance Assurances joue la carte de la proximit\u00e9 en se rapprochant davantage de ses clients.<\/p>\n<p>\u201cCette\u00a0 forte pr\u00e9sence\u00a0 est\u00a0 le\u00a0 fruit de\u00a0 la\u00a0 strat\u00e9gie\u00a0 commerciale de proximit\u00e9 adopt\u00e9e\u00a0 par\u00a0 la compagnie\u00a0 pour\u00a0 \u00eatre\u00a0 proche\u00a0 de\u00a0 ses clients\u00a0 particuliers, professionnels et entreprises, et satisfaire leurs besoins\u201d, a assur\u00e9 Hassane Khelifati \u00e0 la faveur de l\u2019ouverture du si\u00e8ge de la direction r\u00e9gionale de Blida.<\/p>\n<\/div>\n<div id=\"text_core\" readability=\"50\">\n<p>Alliance Assurances a \u00e9toff\u00e9 son r\u00e9seau \u00e0 travers le pays en inaugurant, hier, sa nouvelle direction r\u00e9gionale de Blida en pr\u00e9sence du P-DG de la compagnie, Hassane Khelifati, et de chefs d\u2019entreprise et autres partenaires.<\/p>\n<p>Forte de ses 260 agences d\u00e9ploy\u00e9es \u00e0 travers tout le territoire national, Alliance Assurances joue la carte de la proximit\u00e9 en se rapprochant davantage de ses clients.<\/p>\n<p>\u201cCette\u00a0 forte pr\u00e9sence\u00a0 est\u00a0 le\u00a0 fruit de\u00a0 la\u00a0 strat\u00e9gie\u00a0 commerciale de proximit\u00e9 adopt\u00e9e\u00a0 par\u00a0 la compagnie\u00a0 pour\u00a0 \u00eatre\u00a0 proche\u00a0 de\u00a0 ses clients\u00a0 particuliers, professionnels et entreprises, et satisfaire leurs besoins\u201d, a assur\u00e9 Hassane Khelifati \u00e0 la faveur de l\u2019ouverture du si\u00e8ge de la direction r\u00e9gionale de Blida.<\/p>\n<\/div>\n<p>Auteur:<br \/>\n<a href=\"https:\/\/www.liberte-algerie.com\/radar\/alliance-assurances-se-dote-dun-nouveau-siege-regional-a-blida-354919\">Cliquez ici pour lire l&rsquo;article depuis sa source.<\/a><\/p>\n","protected":false},"excerpt":{"rendered":"<p>Alliance Assurances a \u00e9toff\u00e9 son r\u00e9seau \u00e0 travers le pays en inaugurant, hier, sa nouvelle direction r\u00e9gionale de Blida en pr\u00e9sence du P-DG de la compagnie, Hassane Khelifati, et de chefs d\u2019entreprise et autres partenaires. Forte de ses 260 agences d\u00e9ploy\u00e9es \u00e0 travers tout le territoire national, Alliance Assurances joue la carte de la proximit\u00e9 [&hellip;]<\/p>\n","protected":false},"author":1742,"featured_media":0,"comment_status":"closed","ping_status":"closed","sticky":false,"template":"","format":"standard","meta":{"fifu_image_url":"","fifu_image_alt":"","footnotes":""},"categories":[73,53],"tags":[],"class_list":["post-112370","post","type-post","status-publish","format-standard","hentry","category-actualite","category-algerie"],"_links":{"self":[{"href":"https:\/\/linitiative.ca\/International\/wp-json\/wp\/v2\/posts\/112370","targetHints":{"allow":["GET"]}}],"collection":[{"href":"https:\/\/linitiative.ca\/International\/wp-json\/wp\/v2\/posts"}],"about":[{"href":"https:\/\/linitiative.ca\/International\/wp-json\/wp\/v2\/types\/post"}],"author":[{"embeddable":true,"href":"https:\/\/linitiative.ca\/International\/wp-json\/wp\/v2\/users\/1742"}],"replies":[{"embeddable":true,"href":"https:\/\/linitiative.ca\/International\/wp-json\/wp\/v2\/comments?post=112370"}],"version-history":[{"count":0,"href":"https:\/\/linitiative.ca\/International\/wp-json\/wp\/v2\/posts\/112370\/revisions"}],"wp:attachment":[{"href":"https:\/\/linitiative.ca\/International\/wp-json\/wp\/v2\/media?parent=112370"}],"wp:term":[{"taxonomy":"category","embeddable":true,"href":"https:\/\/linitiative.ca\/International\/wp-json\/wp\/v2\/categories?post=112370"},{"taxonomy":"post_tag","embeddable":true,"href":"https:\/\/linitiative.ca\/International\/wp-json\/wp\/v2\/tags?post=112370"}],"curies":[{"name":"wp","href":"https:\/\/api.w.org\/{rel}","templated":true}]}}