{"id":112372,"date":"2021-03-03T06:08:00","date_gmt":"2021-03-03T11:08:00","guid":{"rendered":"https:\/\/linitiative.ca\/International\/la-france-dement-lengagement-de-lalgerie-pour-une-intervention-militaire-au-sahel\/"},"modified":"2021-03-03T06:08:00","modified_gmt":"2021-03-03T11:08:00","slug":"la-france-dement-lengagement-de-lalgerie-pour-une-intervention-militaire-au-sahel","status":"publish","type":"post","link":"https:\/\/linitiative.ca\/International\/la-france-dement-lengagement-de-lalgerie-pour-une-intervention-militaire-au-sahel\/","title":{"rendered":"La France d\u00e9ment l\u2019engagement de l\u2019Alg\u00e9rie pour une intervention militaire au Sahel"},"content":{"rendered":"<div id=\"originalText\" readability=\"48\">\n<p>L\u2019ambassade de France en Alg\u00e9rie a indiqu\u00e9, ce mercredi, que \u00ab\u00a0lors de la conf\u00e9rence des chefs d\u2019Etat des pays membres du G5 Sahel, le Pr\u00e9sident Macron n\u2019a jamais affirm\u00e9 que l\u2019Alg\u00e9rie avait pris l\u2019engagement d\u2019une intervention militaire dans le cadre de cette force\u00a0\u00bb.<\/p>\n<p>L\u2019Ambassade de France, qui \u00a0d\u00e9ment ainsi \u00ab\u00a0formellement les fausses informations qui circulent sur les r\u00e9seaux sociaux concernant des propos pr\u00eat\u00e9s au Pr\u00e9sident de la R\u00e9publique fran\u00e7aise\u00a0\u00bb, pr\u00e9cise dans un communiqu\u00e9 parvenu \u00e0 notre r\u00e9daction, que le pr\u00e9sident fran\u00e7ais \u00ab\u00a0s\u2019est f\u00e9licit\u00e9 du r\u00e9engagement politique de l\u2019Alg\u00e9rie suite \u00e0 la tenue de la r\u00e9union du comit\u00e9 de suivi de l\u2019accord d\u2019Alger \u00e0 Kidal le 11 f\u00e9vrier, r\u00e9union \u00e0 laquelle M. Jean-Yves Le Drian, ministre de l\u2019Europe et des Affaires \u00e9trang\u00e8res, a particip\u00e9\u00a0\u00bb.<\/p>\n<p class=\"c6\"><strong>R\u00e9daction Web<\/strong><\/p>\n<\/div>\n<div id=\"text_core\" readability=\"48\">\n<p>L\u2019ambassade de France en Alg\u00e9rie a indiqu\u00e9, ce mercredi, que \u00ab\u00a0lors de la conf\u00e9rence des chefs d\u2019Etat des pays membres du G5 Sahel, le Pr\u00e9sident Macron n\u2019a jamais affirm\u00e9 que l\u2019Alg\u00e9rie avait pris l\u2019engagement d\u2019une intervention militaire dans le cadre de cette force\u00a0\u00bb.<\/p>\n<p>L\u2019Ambassade de France, qui \u00a0d\u00e9ment ainsi \u00ab\u00a0formellement les fausses informations qui circulent sur les r\u00e9seaux sociaux concernant des propos pr\u00eat\u00e9s au Pr\u00e9sident de la R\u00e9publique fran\u00e7aise\u00a0\u00bb, pr\u00e9cise dans un communiqu\u00e9 parvenu \u00e0 notre r\u00e9daction, que le pr\u00e9sident fran\u00e7ais \u00ab\u00a0s\u2019est f\u00e9licit\u00e9 du r\u00e9engagement politique de l\u2019Alg\u00e9rie suite \u00e0 la tenue de la r\u00e9union du comit\u00e9 de suivi de l\u2019accord d\u2019Alger \u00e0 Kidal le 11 f\u00e9vrier, r\u00e9union \u00e0 laquelle M. Jean-Yves Le Drian, ministre de l\u2019Europe et des Affaires \u00e9trang\u00e8res, a particip\u00e9\u00a0\u00bb.<\/p>\n<p class=\"c6\"><strong>R\u00e9daction Web<\/strong><\/p>\n<\/div>\n<p>Auteur:<br \/>\n<a href=\"https:\/\/www.liberte-algerie.com\/actualite\/la-france-dement-lengagement-de-lalgerie-pour-une-intervention-militaire-au-sahel-354978\">Cliquez ici pour lire l&rsquo;article depuis sa source.<\/a><\/p>\n","protected":false},"excerpt":{"rendered":"<p>L\u2019ambassade de France en Alg\u00e9rie a indiqu\u00e9, ce mercredi, que \u00ab\u00a0lors de la conf\u00e9rence des chefs d\u2019Etat des pays membres du G5 Sahel, le Pr\u00e9sident Macron n\u2019a jamais affirm\u00e9 que l\u2019Alg\u00e9rie avait pris l\u2019engagement d\u2019une intervention militaire dans le cadre de cette force\u00a0\u00bb. L\u2019Ambassade de France, qui \u00a0d\u00e9ment ainsi \u00ab\u00a0formellement les fausses informations qui circulent [&hellip;]<\/p>\n","protected":false},"author":1742,"featured_media":0,"comment_status":"closed","ping_status":"closed","sticky":false,"template":"","format":"standard","meta":{"fifu_image_url":"","fifu_image_alt":"","footnotes":""},"categories":[73,53],"tags":[],"class_list":["post-112372","post","type-post","status-publish","format-standard","hentry","category-actualite","category-algerie"],"_links":{"self":[{"href":"https:\/\/linitiative.ca\/International\/wp-json\/wp\/v2\/posts\/112372","targetHints":{"allow":["GET"]}}],"collection":[{"href":"https:\/\/linitiative.ca\/International\/wp-json\/wp\/v2\/posts"}],"about":[{"href":"https:\/\/linitiative.ca\/International\/wp-json\/wp\/v2\/types\/post"}],"author":[{"embeddable":true,"href":"https:\/\/linitiative.ca\/International\/wp-json\/wp\/v2\/users\/1742"}],"replies":[{"embeddable":true,"href":"https:\/\/linitiative.ca\/International\/wp-json\/wp\/v2\/comments?post=112372"}],"version-history":[{"count":0,"href":"https:\/\/linitiative.ca\/International\/wp-json\/wp\/v2\/posts\/112372\/revisions"}],"wp:attachment":[{"href":"https:\/\/linitiative.ca\/International\/wp-json\/wp\/v2\/media?parent=112372"}],"wp:term":[{"taxonomy":"category","embeddable":true,"href":"https:\/\/linitiative.ca\/International\/wp-json\/wp\/v2\/categories?post=112372"},{"taxonomy":"post_tag","embeddable":true,"href":"https:\/\/linitiative.ca\/International\/wp-json\/wp\/v2\/tags?post=112372"}],"curies":[{"name":"wp","href":"https:\/\/api.w.org\/{rel}","templated":true}]}}