{"id":112374,"date":"2021-03-03T06:06:44","date_gmt":"2021-03-03T11:06:44","guid":{"rendered":"https:\/\/linitiative.ca\/International\/averses-orageuses-localement-fortes-dans-plusieurs-provinces\/"},"modified":"2021-03-03T06:06:44","modified_gmt":"2021-03-03T11:06:44","slug":"averses-orageuses-localement-fortes-dans-plusieurs-provinces","status":"publish","type":"post","link":"https:\/\/linitiative.ca\/International\/averses-orageuses-localement-fortes-dans-plusieurs-provinces\/","title":{"rendered":"Averses orageuses localement fortes dans plusieurs provinces"},"content":{"rendered":"<div class=\"single-featured\"><img alt=\"\" data-src=\"http:\/\/www.mapmarrakech.ma\/map\/uploads\/2021\/03\/pluie-1.jpg\"\/><\/div>\n<div class=\"single-post-excerpt post-excerpt-bc\" readability=\"34\">\n<p>Des averses orageuses localement fortes sont attendues mercredi dans plusieurs provinces du Royaume, a annonc\u00e9 mercredi la Direction g\u00e9n\u00e9rale de la m\u00e9t\u00e9orologie (DGM).<\/p>\n<\/div>\n<div class=\"entry-content clearfix single-post-content\" readability=\"44\">\n<p>Ainsi, de fortes averses orageuses localement fortes de niveau de vigilance orange (15 \u00e0 30 mm) sont pr\u00e9vues ce mercredi de 10h \u00e0 19h dans les provinces de Boulemane, Figuig, Guercif, Jerada, Oujda-Angad, Taourirt et Taza, a pr\u00e9cis\u00e9 la DGM dans un bulletin m\u00e9t\u00e9orologique sp\u00e9cial.<\/p>\n<p>Ces averses seront accompagn\u00e9es de gr\u00eales par endroits, a fait savoir la m\u00eame source.<\/p>\n<\/div>\n<p>Auteur: Meriem IGASS<br \/>\n<a href=\"http:\/\/www.mapmarrakech.ma\/fr\/averses-orageuses-localement-fortes-dans-plusieurs-provinces\/\">Cliquez ici pour lire l&rsquo;article depuis sa source.<\/a><\/p>\n","protected":false},"excerpt":{"rendered":"<p>Des averses orageuses localement fortes sont attendues mercredi dans plusieurs provinces du Royaume, a annonc\u00e9 mercredi la Direction g\u00e9n\u00e9rale de la m\u00e9t\u00e9orologie (DGM). Ainsi, de fortes averses orageuses localement fortes de niveau de vigilance orange (15 \u00e0 30 mm) sont pr\u00e9vues ce mercredi de 10h \u00e0 19h dans les provinces de Boulemane, Figuig, Guercif, Jerada, [&hellip;]<\/p>\n","protected":false},"author":1788,"featured_media":0,"comment_status":"closed","ping_status":"closed","sticky":false,"template":"","format":"standard","meta":{"fifu_image_url":"http:\/\/www.mapmarrakech.ma\/map\/uploads\/2021\/03\/pluie-1.jpg","fifu_image_alt":"Averses orageuses localement fortes dans plusieurs provinces","footnotes":""},"categories":[54,76],"tags":[],"class_list":["post-112374","post","type-post","status-publish","format-standard","hentry","category-maroc","category-regions"],"_links":{"self":[{"href":"https:\/\/linitiative.ca\/International\/wp-json\/wp\/v2\/posts\/112374","targetHints":{"allow":["GET"]}}],"collection":[{"href":"https:\/\/linitiative.ca\/International\/wp-json\/wp\/v2\/posts"}],"about":[{"href":"https:\/\/linitiative.ca\/International\/wp-json\/wp\/v2\/types\/post"}],"author":[{"embeddable":true,"href":"https:\/\/linitiative.ca\/International\/wp-json\/wp\/v2\/users\/1788"}],"replies":[{"embeddable":true,"href":"https:\/\/linitiative.ca\/International\/wp-json\/wp\/v2\/comments?post=112374"}],"version-history":[{"count":0,"href":"https:\/\/linitiative.ca\/International\/wp-json\/wp\/v2\/posts\/112374\/revisions"}],"wp:attachment":[{"href":"https:\/\/linitiative.ca\/International\/wp-json\/wp\/v2\/media?parent=112374"}],"wp:term":[{"taxonomy":"category","embeddable":true,"href":"https:\/\/linitiative.ca\/International\/wp-json\/wp\/v2\/categories?post=112374"},{"taxonomy":"post_tag","embeddable":true,"href":"https:\/\/linitiative.ca\/International\/wp-json\/wp\/v2\/tags?post=112374"}],"curies":[{"name":"wp","href":"https:\/\/api.w.org\/{rel}","templated":true}]}}