{"id":112375,"date":"2021-03-03T06:23:06","date_gmt":"2021-03-03T11:23:06","guid":{"rendered":"https:\/\/linitiative.ca\/International\/dpen-if-partenariat-pour-lamelioration-de-la-langue-francaise\/"},"modified":"2021-03-03T06:23:06","modified_gmt":"2021-03-03T11:23:06","slug":"dpen-if-partenariat-pour-lamelioration-de-la-langue-francaise","status":"publish","type":"post","link":"https:\/\/linitiative.ca\/International\/dpen-if-partenariat-pour-lamelioration-de-la-langue-francaise\/","title":{"rendered":"DPEN\/IF: Partenariat pour l\u2019am\u00e9lioration de la langue fran\u00e7aise"},"content":{"rendered":"<div readability=\"38\">\n<p>Essaouira \u2013 Une convention de partenariat visant l\u2019am\u00e9lioration du niveau de la langue fran\u00e7aise dans tous les cycles d\u2019enseignement et de la formation des enseignants, des formateurs et des inspecteurs dans diff\u00e9rents domaines a \u00e9t\u00e9 sign\u00e9e, mardi \u00e0 Essaouira, entre la Direction provinciale de l\u2019Education nationale (DPEN) et l\u2019Institut Fran\u00e7ais (IF) de la Cit\u00e9 des Aliz\u00e9s.<\/p>\n<\/div>\n<div readability=\"116\">\n<p>Cette convention a \u00e9t\u00e9 paraph\u00e9e par le Directeur provincial de l\u2019Education nationale, M. Nourdine El Aoufi Laghzaoui, et la directrice de l\u2019IF d\u2019Essaouira, Mme Louisa Babaci, lors d\u2019une c\u00e9r\u00e9monie qui s\u2019est d\u00e9roul\u00e9e au si\u00e8ge de la DPEN, dans le strict respect des mesures pr\u00e9ventives et de pr\u00e9caution pour enrayer la propagation de la pand\u00e9mie de la Covid-19.<\/p>\n<p>Ce partenariat s\u2019inscrit dans le cadre de la coop\u00e9ration \u00e9ducative et linguistique men\u00e9e au plan national entre le minist\u00e8re de l\u2019Education nationale, de la Formation professionnelle, de l\u2019Enseignement sup\u00e9rieur et de la Recherche scientifique et l\u2019Ambassade de France \u00e0 Rabat, repr\u00e9sent\u00e9e par le P\u00f4le langue fran\u00e7aise, dont rel\u00e8ve l\u2019Institut Fran\u00e7ais du Maroc, dans le respect des sp\u00e9cificit\u00e9s de la province d\u2019Essaouira.<\/p>\n<p>Ainsi, ladite convention pr\u00e9voit que l\u2019IF et la Direction provinciale de l\u2019Education nationale coop\u00e8rent dans le domaine de l\u2019enseignement de la langue fran\u00e7aise dans le but d\u2019am\u00e9liorer sa qualit\u00e9 dans le syst\u00e8me \u00e9ducatif, sachant que l\u2019Institut Fran\u00e7ais va r\u00e9pondre, dans la mesure de ses moyens, aux demandes formul\u00e9es par la Direction provinciale pour la mise en place d\u2019actions de formation des enseignants du fran\u00e7ais ou de formation de formateurs, ainsi que pour tout projet dans lequel l\u2019expertise fran\u00e7aise est sollicit\u00e9e, en particulier dans le cadre de la Vision strat\u00e9gique \u00ab\u00a02015-2030\u00a0\u00bb.<\/p>\n<p>Les actions mises en place pourront se d\u00e9rouler aux lieux et temps d\u00e9termin\u00e9s conjointement par les deux parties et pourront prendre la forme de stages, de s\u00e9minaires, d\u2019ateliers, de cours, de conf\u00e9rences, de concours culturels ou toute autre forme d\u00e9cid\u00e9e par les deux partenaires signataires.<\/p>\n<p>En vertu de cette convention d\u2019une dur\u00e9e de trois ans renouvelables, les deux parties vont \u00e9galement \u0153uvrer, dans le cadre d\u2019une strat\u00e9gie commune, pour l\u2019am\u00e9lioration du niveau de la langue fran\u00e7aise dans tous les cycles d\u2019enseignement et de la formation des enseignants, des formateurs et des inspecteurs dans les domaines des disciplines non linguistiques, du pr\u00e9scolaire, du num\u00e9rique, de l\u2019alternance linguistique, de la mobilit\u00e9 internationale des \u00e9l\u00e8ves (orientation scolaire, universitaire et professionnelle), de la lecture publique et des m\u00e9diath\u00e8ques, de l\u2019alphab\u00e9tisation, de l\u2019\u00e9ducation non-formelle et des Ecoles de la 2\u00e8me Chance nouvelle g\u00e9n\u00e9ration (E2C), ainsi que de la promotion de l\u2019esprit de tol\u00e9rance, du d\u00e9bat d\u2019id\u00e9es, et du vivre-ensemble dans la diversit\u00e9.<\/p>\n<p>Par ailleurs, la Direction provinciale de l\u2019Education nationale pourra diffuser, sur proposition de l\u2019Institut Fran\u00e7ais, le programme culturel de ce dernier ou toute autre documentation jug\u00e9e profitable aux \u00e9l\u00e8ves et \u00e0 tout autre acteur p\u00e9dagogique, et encouragera, dans la mesure du possible, la participation aux activit\u00e9s organis\u00e9es par l\u2019IF.<\/p>\n<p>De son c\u00f4t\u00e9, l\u2019Institut Fran\u00e7ais facilitera l\u2019acc\u00e8s \u00e0 sa m\u00e9diath\u00e8que et \u00e0 ses activit\u00e9s p\u00e9dagogiques, culturelles et artistiques aux responsables p\u00e9dagogiques de la Direction provinciale, sachant que ces facilit\u00e9s seront \u00e9galement accord\u00e9es aux \u00e9l\u00e8ves des classes pr\u00e9paratoires et des lyc\u00e9es d\u2019excellence.<\/p>\n<p>Aux termes de cet accord, un comit\u00e9 de pilotage mixte sera institu\u00e9 et aura pour mandat l\u2019\u00e9laboration du programme annuel de ladite convention, dont il d\u00e9finit les grands axes et valide les propositions.<\/p>\n<\/div>\n<p>Auteur: Meriem IGASS<br \/>\n<a href=\"http:\/\/www.mapmarrakech.ma\/fr\/dpen-if-partenariat-pour-lamelioration-de-la-langue-francaise\/\">Cliquez ici pour lire l&rsquo;article depuis sa source.<\/a><\/p>\n","protected":false},"excerpt":{"rendered":"<p>Essaouira \u2013 Une convention de partenariat visant l\u2019am\u00e9lioration du niveau de la langue fran\u00e7aise dans tous les cycles d\u2019enseignement et de la formation des enseignants, des formateurs et des inspecteurs dans diff\u00e9rents domaines a \u00e9t\u00e9 sign\u00e9e, mardi \u00e0 Essaouira, entre la Direction provinciale de l\u2019Education nationale (DPEN) et l\u2019Institut Fran\u00e7ais (IF) de la Cit\u00e9 des [&hellip;]<\/p>\n","protected":false},"author":1788,"featured_media":0,"comment_status":"closed","ping_status":"closed","sticky":false,"template":"","format":"standard","meta":{"fifu_image_url":"","fifu_image_alt":"","footnotes":""},"categories":[54,76],"tags":[],"class_list":["post-112375","post","type-post","status-publish","format-standard","hentry","category-maroc","category-regions"],"_links":{"self":[{"href":"https:\/\/linitiative.ca\/International\/wp-json\/wp\/v2\/posts\/112375","targetHints":{"allow":["GET"]}}],"collection":[{"href":"https:\/\/linitiative.ca\/International\/wp-json\/wp\/v2\/posts"}],"about":[{"href":"https:\/\/linitiative.ca\/International\/wp-json\/wp\/v2\/types\/post"}],"author":[{"embeddable":true,"href":"https:\/\/linitiative.ca\/International\/wp-json\/wp\/v2\/users\/1788"}],"replies":[{"embeddable":true,"href":"https:\/\/linitiative.ca\/International\/wp-json\/wp\/v2\/comments?post=112375"}],"version-history":[{"count":0,"href":"https:\/\/linitiative.ca\/International\/wp-json\/wp\/v2\/posts\/112375\/revisions"}],"wp:attachment":[{"href":"https:\/\/linitiative.ca\/International\/wp-json\/wp\/v2\/media?parent=112375"}],"wp:term":[{"taxonomy":"category","embeddable":true,"href":"https:\/\/linitiative.ca\/International\/wp-json\/wp\/v2\/categories?post=112375"},{"taxonomy":"post_tag","embeddable":true,"href":"https:\/\/linitiative.ca\/International\/wp-json\/wp\/v2\/tags?post=112375"}],"curies":[{"name":"wp","href":"https:\/\/api.w.org\/{rel}","templated":true}]}}