{"id":112376,"date":"2021-03-03T06:45:51","date_gmt":"2021-03-03T11:45:51","guid":{"rendered":"https:\/\/linitiative.ca\/International\/inauguration-du-systeme-dirrigation-solaire-dans-la-pepiniere-dakrich\/"},"modified":"2021-03-03T06:45:51","modified_gmt":"2021-03-03T11:45:51","slug":"inauguration-du-systeme-dirrigation-solaire-dans-la-pepiniere-dakrich","status":"publish","type":"post","link":"https:\/\/linitiative.ca\/International\/inauguration-du-systeme-dirrigation-solaire-dans-la-pepiniere-dakrich\/","title":{"rendered":"Inauguration du syst\u00e8me d\u2019irrigation solaire dans la p\u00e9pini\u00e8re d\u2019Akrich"},"content":{"rendered":"<p><iframe loading=\"lazy\" width=\"1170\" height=\"658\" src=\"https:\/\/www.youtube.com\/embed\/WEmefX8mt1c?feature=oembed\" frameborder=\"0\" allow=\"accelerometer; autoplay; clipboard-write; encrypted-media; gyroscope; picture-in-picture\" allowfullscreen=\"allowfullscreen\">[embedded content]<\/iframe><\/p>\n<div class=\"single-post-excerpt post-excerpt-bc\" readability=\"40\">\n<p>La Fondation du Haut Atlas (HAF) a proc\u00e9d\u00e9, dimanche \u00e0 la commune rurale de Tamslouht relevant de la province d\u2019Al-Haouz, \u00e0 l\u2019inauguration du syst\u00e8me d\u2019irrigation solaire dans la p\u00e9pini\u00e8re d\u2019Akrich, qui produit des plants destin\u00e9s, par la suite, \u00e0 \u00eatre distribu\u00e9s au profit des \u00e9coles et des agriculteurs de la r\u00e9gion.<\/p>\n<\/div>\n<p>Auteur: Meriem IGASS<br \/>\n<a href=\"http:\/\/www.mapmarrakech.ma\/fr\/inauguration-du-systeme-dirrigation-solaire-dans-la-pepiniere-dakrich-2\/\">Cliquez ici pour lire l&rsquo;article depuis sa source.<\/a><\/p>\n","protected":false},"excerpt":{"rendered":"<p>[embedded content] La Fondation du Haut Atlas (HAF) a proc\u00e9d\u00e9, dimanche \u00e0 la commune rurale de Tamslouht relevant de la province d\u2019Al-Haouz, \u00e0 l\u2019inauguration du syst\u00e8me d\u2019irrigation solaire dans la p\u00e9pini\u00e8re d\u2019Akrich, qui produit des plants destin\u00e9s, par la suite, \u00e0 \u00eatre distribu\u00e9s au profit des \u00e9coles et des agriculteurs de la r\u00e9gion. Auteur: Meriem [&hellip;]<\/p>\n","protected":false},"author":1788,"featured_media":0,"comment_status":"closed","ping_status":"closed","sticky":false,"template":"","format":"standard","meta":{"fifu_image_url":"","fifu_image_alt":"","footnotes":""},"categories":[54,76],"tags":[],"class_list":["post-112376","post","type-post","status-publish","format-standard","hentry","category-maroc","category-regions"],"_links":{"self":[{"href":"https:\/\/linitiative.ca\/International\/wp-json\/wp\/v2\/posts\/112376","targetHints":{"allow":["GET"]}}],"collection":[{"href":"https:\/\/linitiative.ca\/International\/wp-json\/wp\/v2\/posts"}],"about":[{"href":"https:\/\/linitiative.ca\/International\/wp-json\/wp\/v2\/types\/post"}],"author":[{"embeddable":true,"href":"https:\/\/linitiative.ca\/International\/wp-json\/wp\/v2\/users\/1788"}],"replies":[{"embeddable":true,"href":"https:\/\/linitiative.ca\/International\/wp-json\/wp\/v2\/comments?post=112376"}],"version-history":[{"count":0,"href":"https:\/\/linitiative.ca\/International\/wp-json\/wp\/v2\/posts\/112376\/revisions"}],"wp:attachment":[{"href":"https:\/\/linitiative.ca\/International\/wp-json\/wp\/v2\/media?parent=112376"}],"wp:term":[{"taxonomy":"category","embeddable":true,"href":"https:\/\/linitiative.ca\/International\/wp-json\/wp\/v2\/categories?post=112376"},{"taxonomy":"post_tag","embeddable":true,"href":"https:\/\/linitiative.ca\/International\/wp-json\/wp\/v2\/tags?post=112376"}],"curies":[{"name":"wp","href":"https:\/\/api.w.org\/{rel}","templated":true}]}}