{"id":112377,"date":"2021-03-03T13:02:04","date_gmt":"2021-03-03T18:02:04","guid":{"rendered":"https:\/\/linitiative.ca\/International\/grande-exposition-hommage-a-bert-flint-au-musee-ysl\/"},"modified":"2021-03-03T13:02:04","modified_gmt":"2021-03-03T18:02:04","slug":"grande-exposition-hommage-a-bert-flint-au-musee-ysl","status":"publish","type":"post","link":"https:\/\/linitiative.ca\/International\/grande-exposition-hommage-a-bert-flint-au-musee-ysl\/","title":{"rendered":"Grande exposition-hommage \u00e0 Bert Flint au Mus\u00e9e YSL"},"content":{"rendered":"<div readability=\"40\">\n<p>Marrakech \u2013 Le Muse\u0301e Yves Saint-Laurent (YSL) \u00e0 Marrakech pr\u00e9sente, jusqu\u2019au 30 mai prochain, une exposition qui rend un grand hommage \u00e0 Bert Flint et dessine le portrait de ce regardeur passionn\u00e9, qui a su mesurer, par sa proximit\u00e9 avec les diff\u00e9rentes cultures marocaines et subsahariennes, leur caract\u00e8re paradigmatique.<\/p>\n<\/div>\n<div readability=\"146\">\n<p>Elle regroupe plus de 200 \u0153uvres de sa collection personnelle que Mouna Mekouar, commissaire de cette exposition, a volontairement s\u00e9lectionn\u00e9es avec la complicit\u00e9 de M. Flint, indique un communiqu\u00e9 de la Fondation Jardin Majorelle.<\/p>\n<p>Et la m\u00eame source d\u2019encha\u00eener que \u00ab\u00a0tous ces objets t\u00e9moignent de son regard sur la diversit\u00e9 et de la richesse des traditions rurales et amazighes qui se sont \u00e9panouies de l\u2019Atlas a\u0300 l\u2019Anti-Atlas et du Sahara au Sahel\u00a0\u00bb.<\/p>\n<p>Cette exposition s\u2019inscrit aussi dans le cadre d\u2019\u00a0\u00bbune longue histoire d\u2019amiti\u00e9, d\u2019admiration et de collaboration entre la Fondation Jardin Majorelle et Bert Flint\u00a0\u00bb, lit-on dans le communiqu\u00e9, qui pr\u00e9cise que \u00ab\u00a0suite \u00e0 la g\u00e9n\u00e9reuse donation faite en 2015 par ce dernier au Mus\u00e9e Pierre Berg\u00e9 des Arts Berb\u00e8res, il revenait a\u0300 la Fondation de lui rendre hommage, avec un ouvrage exhaustif publie\u0301 en 2018, et d\u00e9sormais, avec cette exposition\u00a0\u00bb.<\/p>\n<p>\u00ab\u00a0Pens\u00e9e comme un vaste po\u00e8me visuel, l\u2019exposition suit la d\u00e9marche de Bert Flint, en privil\u00e9giant un langage formel. Vanneries, poteries, parures, amulettes, textiles et maroquineries dessinent, ensemble, un paysage embl\u00e9matique de sa pens\u00e9e et de son regard sur ces territoires\u00a0\u00bb, rel\u00e8ve le document.<\/p>\n<p>Ainsi assembl\u00e9s, ces objets \u00ab\u00a0nous invitent a\u0300 repenser notre approche des productions artistiques de ces diff\u00e9rentes r\u00e9gions\u00a0\u00bb.<\/p>\n<p>Comme un voyage imaginaire, l\u2019exposition \u00ab\u00a0traverse les territoires et les sites allant de Marrakech a\u0300 Tafilalet jusqu\u2019aux r\u00e9gions subsahariennes, du Niger \u00e0 la Mauritanie\u00a0\u00bb.<\/p>\n<p>Chaque \u00e9tape du parcours est en lien avec une de ces r\u00e9gions qui, porteuse de son histoire, enrichit et transforme les autres r\u00e9gions au contact des populations nomades ou semi-nomades.<\/p>\n<p>Riche de ces \u00e9changes, chaque objet expose\u0301 est en r\u00e9alit\u00e9 t\u00e9moin et indice de pratiques culturelles partag\u00e9es et atteste de la pr\u00e9sence d\u2019un socle culturel commun, souligne la m\u00eame source.<\/p>\n<p>\u00ab\u00a0Avec cette mosa\u00efque qui se d\u00e9veloppe de part et d\u2019autre, du Maroc au Sahel, il s\u2019agit aussi de penser tous ces mondes comme une seule entit\u00e9 culturelle et artistique\u00a0\u00bb, explique-t-on, ajoutant que dans cette perspective, l\u2019exposition parle du regard de Bert Flint sur les \u0153uvres et les mondes qu\u2019elles sugg\u00e8rent.<\/p>\n<p>\u00ab\u00a0Les \u0153uvres parlent aussi les unes des autres, nous renvoyant une certaine image de cette g\u00e9ographie artistique. Est-Ouest, Nord-Sud, les \u00e9changes et les circulations sont comme des traits d\u2019union culturels reliant les traditions marocaines a\u0300 l\u2019Afrique subsaharienne\u00a0\u00bb, note le communiqu\u00e9.<\/p>\n<p>Et de poursuivre que par ces jeux de rapprochements et de renvois, l\u2019exposition \u00ab\u00a0porte une nouvelle attention a\u0300 ces cultures et tente de rendre manifestes les apports mutuels de tous ces d\u00e9cors et motifs\u00a0\u00bb.<\/p>\n<p>\u00ab\u00a0Elle semble nous dire beaucoup sur Bert Flint mais aussi sur notre monde et se fait l\u2019\u00e9cho des territoires qu\u2019il a travers\u00e9s et des cultures qu\u2019il aime\u00a0\u00bb, explique-t-on.<\/p>\n<p>Et de conclure que cette exposition, a\u0300 l\u2019image de la pens\u00e9e de Bert Flint, \u00ab\u00a0tire sa force de cette fa\u00e7on d\u2019\u00eatre totalement en phase avec notre \u00e9poque, une fa\u00e7on d\u2019\u00eatre profond\u00e9ment contemporaine\u00a0\u00bb.<\/p>\n<p>N\u00e9 en 1931 aux Pays-Bas, Bert Flint est dipl\u00f4m\u00e9 de l\u2019Universit\u00e9 d\u2019Utrecht. Depuis 1957, il habite Marrakech o\u00f9 il \u00e9tait venu enseigner l\u2019espagnol. Passionn\u00e9 des arts populaires marocains, Flint effectue des recherches sur diff\u00e9rents aspects de la culture amazighe et collectionne des objets depuis plus de soixante ann\u00e9es.<\/p>\n<p>Ardent d\u00e9fenseur de la culture rurale marocaine, il ouvre, en 1996, son propre mus\u00e9e \u00e0 Marrakech, le Mus\u00e9e Tiskiwin, qu\u2019il finance de mani\u00e8re autonome et o\u00f9 il partage avec le public une collection comprenant des costumes, des bijoux, des meubles, des tapis et des textiles provenant principalement de la Vall\u00e9e du Souss et de la r\u00e9gion subsaharienne du Royaume.<\/p>\n<p>Au travers de ses collections, il t\u00e9moigne des liens profonds qui unissent le Maroc et sa culture au monde subsaharien.<\/p>\n<\/div>\n<p>Auteur: Meriem IGASS<br \/>\n<a href=\"http:\/\/www.mapmarrakech.ma\/fr\/grande-exposition-hommage-a-bert-flint-au-musee-ysl\/\">Cliquez ici pour lire l&rsquo;article depuis sa source.<\/a><\/p>\n","protected":false},"excerpt":{"rendered":"<p>Marrakech \u2013 Le Muse\u0301e Yves Saint-Laurent (YSL) \u00e0 Marrakech pr\u00e9sente, jusqu\u2019au 30 mai prochain, une exposition qui rend un grand hommage \u00e0 Bert Flint et dessine le portrait de ce regardeur passionn\u00e9, qui a su mesurer, par sa proximit\u00e9 avec les diff\u00e9rentes cultures marocaines et subsahariennes, leur caract\u00e8re paradigmatique. Elle regroupe plus de 200 \u0153uvres [&hellip;]<\/p>\n","protected":false},"author":1788,"featured_media":0,"comment_status":"closed","ping_status":"closed","sticky":false,"template":"","format":"standard","meta":{"fifu_image_url":"","fifu_image_alt":"","footnotes":""},"categories":[54,76],"tags":[],"class_list":["post-112377","post","type-post","status-publish","format-standard","hentry","category-maroc","category-regions"],"_links":{"self":[{"href":"https:\/\/linitiative.ca\/International\/wp-json\/wp\/v2\/posts\/112377","targetHints":{"allow":["GET"]}}],"collection":[{"href":"https:\/\/linitiative.ca\/International\/wp-json\/wp\/v2\/posts"}],"about":[{"href":"https:\/\/linitiative.ca\/International\/wp-json\/wp\/v2\/types\/post"}],"author":[{"embeddable":true,"href":"https:\/\/linitiative.ca\/International\/wp-json\/wp\/v2\/users\/1788"}],"replies":[{"embeddable":true,"href":"https:\/\/linitiative.ca\/International\/wp-json\/wp\/v2\/comments?post=112377"}],"version-history":[{"count":0,"href":"https:\/\/linitiative.ca\/International\/wp-json\/wp\/v2\/posts\/112377\/revisions"}],"wp:attachment":[{"href":"https:\/\/linitiative.ca\/International\/wp-json\/wp\/v2\/media?parent=112377"}],"wp:term":[{"taxonomy":"category","embeddable":true,"href":"https:\/\/linitiative.ca\/International\/wp-json\/wp\/v2\/categories?post=112377"},{"taxonomy":"post_tag","embeddable":true,"href":"https:\/\/linitiative.ca\/International\/wp-json\/wp\/v2\/tags?post=112377"}],"curies":[{"name":"wp","href":"https:\/\/api.w.org\/{rel}","templated":true}]}}