{"id":112380,"date":"2021-03-03T09:37:02","date_gmt":"2021-03-03T14:37:02","guid":{"rendered":"https:\/\/linitiative.ca\/International\/participation-democratique-oriental-le-projet-dappui-en-phase-finale\/"},"modified":"2021-03-03T09:37:02","modified_gmt":"2021-03-03T14:37:02","slug":"participation-democratique-oriental-le-projet-dappui-en-phase-finale","status":"publish","type":"post","link":"https:\/\/linitiative.ca\/International\/participation-democratique-oriental-le-projet-dappui-en-phase-finale\/","title":{"rendered":"Participation d\u00e9mocratique\/Oriental : Le projet d\u2019appui en phase finale"},"content":{"rendered":"<p class=\"c4\">Le projet \u00abAppui et accompagnement au processus de la participation d\u00e9mocratique dans la r\u00e9gion de l\u2019Oriental\u00bb, men\u00e9 par le Mouvement pour la Paix (MPDL) et l\u2019Association de coop\u00e9ration pour le d\u00e9veloppement et la culture (ACODEC), ach\u00e8vera son ex\u00e9cution en mai 2021.<\/p>\n<p class=\"c4\">D\u00e9ploy\u00e9 depuis f\u00e9vrier 2018, cette initiative, cofinanc\u00e9e par l\u2019Union Europ\u00e9enne, a port\u00e9 sur un ensemble d\u2019activit\u00e9s visant principalement \u00e0 dynamiser les organismes de la soci\u00e9t\u00e9 civile, les \u00e9lus et les \u00e9lues, les fonctionnaires des communes et les citoyens et citoyennes de la r\u00e9gion de l\u2019Oriental pour mettre en marche des m\u00e9canismes de d\u00e9mocratie participative dans les trois provinces d\u2019Oujda, Taourirt et Jarrada, indique un communiqu\u00e9 des associations en charge de ce projet.<\/p>\n<p class=\"c4\">Les repr\u00e9sentants des 10 communes, \u00e0 savoir Beni Drar, Neima, Ain Sfa, Beni Khaled, Oujda, Taourirt, El-Aioun, Jerada, Ain Beni Mathar et Beni Mathar ont pris part \u00e0 ces diff\u00e9rentes activit\u00e9s, pr\u00e9cise la m\u00eame source.<\/p>\n<p class=\"c4\">\u00abLes b\u00e9n\u00e9ficiaires ont bien assimil\u00e9 les axes sur la d\u00e9mocratie participative et des strat\u00e9gies de d\u00e9veloppement. Les diff\u00e9rentes formations dispens\u00e9es au cours du projet ont concern\u00e9 la d\u00e9mocratie participative et la bonne gouvernance. Elles ont contribu\u00e9 au renforcement des connaissances des m\u00e9canismes de concertation\u00bb, a estim\u00e9 le pr\u00e9sident de l\u2019association ACODEC-Oujda, Miloud Rezzoug, cit\u00e9 dans le communiqu\u00e9.<\/p>\n<p class=\"c4\">Pour M. Rezzoug, ces d\u00e9bats ont identifi\u00e9 les perspectives d\u2019int\u00e9gration de l\u2019approche de communication et gestion de crise dans les PDRs et PACs ainsi que l\u2019implication de la soci\u00e9t\u00e9 civile dans la gestion des futures crises via la cr\u00e9ation d\u2019autres m\u00e9canismes ou plateformes de d\u00e9mocratie participative.<\/p>\n<p class=\"c4\">Le programme des trois mois \u00e0 venir pr\u00e9sente une grande pertinence et donne aux participants une nouvelle dynamique en la mati\u00e8re avec une ouverture sur d\u2019autres exp\u00e9riences, affirment les organisateurs, mettant l\u2019accent sur un s\u00e9minaire international qui sera organis\u00e9 en ligne durant le mois de mars 2021, sur les bonnes pratiques dans le domaine de la participation d\u00e9mocratique, ax\u00e9 sur la participation des femmes et des jeunes.<\/p>\n<p class=\"c4\">La deuxi\u00e8me action a trait \u00e0 une formation en communication, incidence et plaidoyer et pr\u00e9paration des strat\u00e9gies et actions d\u2019incidence. Elle sera suivie par des rencontres visant \u00e0 \u00e9laborer des plans de communication et de plaidoyer et \u00e0 pr\u00e9parer des actions d\u2019incidence locale.<\/p>\n<p class=\"c4\">Pour rappel, le programme \u00abAppui et accompagnement au processus de la participation d\u00e9mocratique\u00bb vise l\u2019implication des citoyens et citoyennes et les repr\u00e9sentants de la soci\u00e9t\u00e9 civile dans la concr\u00e9tisation de la culture de la participation d\u00e9mocratique.<\/p>\n<p class=\"c4\">Ce programme a concern\u00e9 quatre r\u00e9gions du Maroc, \u00e0 savoir l\u2019Oriental, Tanger-T\u00e9touan-Al Hoceima, Casablanca-Settat et Marrakech-Safi.<\/p>\n<p>Auteur: Soufiane ELAHMAR<br \/>\n<a href=\"http:\/\/www.mapoujda.ma\/fr\/le-projet-dappui-au-processus-de-participation-democratique-entre-dans-sa-phase-finale\/\">Cliquez ici pour lire l&rsquo;article depuis sa source.<\/a><\/p>\n","protected":false},"excerpt":{"rendered":"<p>Le projet \u00abAppui et accompagnement au processus de la participation d\u00e9mocratique dans la r\u00e9gion de l\u2019Oriental\u00bb, men\u00e9 par le Mouvement pour la Paix (MPDL) et l\u2019Association de coop\u00e9ration pour le d\u00e9veloppement et la culture (ACODEC), ach\u00e8vera son ex\u00e9cution en mai 2021. D\u00e9ploy\u00e9 depuis f\u00e9vrier 2018, cette initiative, cofinanc\u00e9e par l\u2019Union Europ\u00e9enne, a port\u00e9 sur un [&hellip;]<\/p>\n","protected":false},"author":1788,"featured_media":0,"comment_status":"closed","ping_status":"closed","sticky":false,"template":"","format":"standard","meta":{"fifu_image_url":"","fifu_image_alt":"","footnotes":""},"categories":[54,76],"tags":[],"class_list":["post-112380","post","type-post","status-publish","format-standard","hentry","category-maroc","category-regions"],"_links":{"self":[{"href":"https:\/\/linitiative.ca\/International\/wp-json\/wp\/v2\/posts\/112380","targetHints":{"allow":["GET"]}}],"collection":[{"href":"https:\/\/linitiative.ca\/International\/wp-json\/wp\/v2\/posts"}],"about":[{"href":"https:\/\/linitiative.ca\/International\/wp-json\/wp\/v2\/types\/post"}],"author":[{"embeddable":true,"href":"https:\/\/linitiative.ca\/International\/wp-json\/wp\/v2\/users\/1788"}],"replies":[{"embeddable":true,"href":"https:\/\/linitiative.ca\/International\/wp-json\/wp\/v2\/comments?post=112380"}],"version-history":[{"count":0,"href":"https:\/\/linitiative.ca\/International\/wp-json\/wp\/v2\/posts\/112380\/revisions"}],"wp:attachment":[{"href":"https:\/\/linitiative.ca\/International\/wp-json\/wp\/v2\/media?parent=112380"}],"wp:term":[{"taxonomy":"category","embeddable":true,"href":"https:\/\/linitiative.ca\/International\/wp-json\/wp\/v2\/categories?post=112380"},{"taxonomy":"post_tag","embeddable":true,"href":"https:\/\/linitiative.ca\/International\/wp-json\/wp\/v2\/tags?post=112380"}],"curies":[{"name":"wp","href":"https:\/\/api.w.org\/{rel}","templated":true}]}}