{"id":112385,"date":"2021-03-03T11:15:30","date_gmt":"2021-03-03T16:15:30","guid":{"rendered":"https:\/\/linitiative.ca\/International\/fes-lambassadeur-suisse-guest-speaker-a-luemf\/"},"modified":"2021-03-03T11:15:30","modified_gmt":"2021-03-03T16:15:30","slug":"fes-lambassadeur-suisse-guest-speaker-a-luemf","status":"publish","type":"post","link":"https:\/\/linitiative.ca\/International\/fes-lambassadeur-suisse-guest-speaker-a-luemf\/","title":{"rendered":"F\u00e8s: L\u2019Ambassadeur suisse, guest-speaker \u00e0 l\u2019UEMF"},"content":{"rendered":"<p class=\"rtejustify\">\u00ab\u00a0La Suisse et l\u2019Universit\u00e9 Euromed de F\u00e8s (UEMF) soutiennent le p\u00f4le de la recherche scientifique et de l\u2019innovation dans la ville spirituelle du Royaume, berceau de la plus ancienne universit\u00e9 au monde\u00a0\u00bb. C\u2019est ce qui ressort de la conf\u00e9rence de l&rsquo;ambassadeur de Suisse, Guillaume Scheurer, initi\u00e9e ce 3 mars 2021 au sein de l\u2019UEMF. En visite \u00e0 F\u00e8s, le diplomate a rencontr\u00e9 le wali de la r\u00e9gion et le maire de la capitale spirituelle. Ce mercredi, il a \u00e9t\u00e9 accueilli par Mostapha Bousmina, pr\u00e9sident de l\u2019UEMF, qui lui a fait d\u00e9couvrir un campus \u00e0 la pointe de la technologie. Lors de sa visite, la d\u00e9l\u00e9gation suisse a explor\u00e9 ce p\u00f4le d\u2019excellence universitaire lab\u00e9lis\u00e9 par l\u2019Union pour la M\u00e9diterran\u00e9e (UpM) et jouissant de l\u2019appui de 43 pays membres, ainsi que de son \u00e9co-campus lab\u00e9lis\u00e9 par la COP22.<\/p>\n<p class=\"rtejustify\">La Suisse, pays le plus innovant au monde depuis 10 ann\u00e9es cons\u00e9cutives, se r\u00e9jouit de cette visite \u00e0\u00a0l\u2019UEMF. Celle-ci place en effet la recherche scientifique et technique, l\u2019innovation et l\u2019entreprenariat au c\u0153ur de sa strat\u00e9gie de d\u00e9veloppement. Elle s\u2019est ainsi positionn\u00e9e en tant que centre d\u2019excellence, de savoir et de partage culturel, abritant des infrastructures et des plateformes technologiques d\u00e9di\u00e9es notamment \u00e0 l\u2019intelligence artificielle, l\u2019impression 3D, la technologie 4.0 et les nanotechnologies, ainsi que les \u00e9nergies renouvelables et la biotechnologie.<\/p>\n<p class=\"rtejustify\">En outre, l\u2019Ambassadeur Scheurer et le pr\u00e9sident Bousmina ont \u00e9chang\u00e9 sur les opportunit\u00e9s de coop\u00e9ration marocco-suisse dans les domaines de la recherche universitaire et scientifique et de l\u2019\u00e9change acad\u00e9mique, en particulier dans le cadre des programmes de mobilit\u00e9 mis en place par l\u2019UEMF. L\u2019invit\u00e9 a anim\u00e9 une conf\u00e9rence en pr\u00e9sence des \u00e9tudiants et professeurs de l\u2019UEMF. Accompagn\u00e9 de Christophe De Figueiredo, Pr\u00e9sident de la Chambre de Commerce suisse au Maroc et membre de cette d\u00e9l\u00e9gation, l\u2019Ambassadeur Scheurer a pr\u00e9sent\u00e9 les sp\u00e9cificit\u00e9s et les particularit\u00e9s de la Suisse. Par la suite, la d\u00e9l\u00e9gation suisse a effectu\u00e9 une visite de l\u2019entreprise \u00ab\u00a0Maroc Modis\u00a0\u00bb, filiale de l\u2019enseigne suisse \u00abTriumph\u00bb. Cette entreprise situ\u00e9e au quartier industriel Sidi Brahim emploie pr\u00e8s de 3.000 ouvriers.<\/p>\n<p class=\"rtejustify\"><em>Y.S.A.<\/em><\/p>\n<p>Auteur: hgueye<br \/>\n<a href=\"https:\/\/www.leconomiste.com\/flash-infos\/fes-l-ambassadeur-suisse-guest-speaker-l-uemf\">Cliquez ici pour lire l&rsquo;article depuis sa source.<\/a><\/p>\n","protected":false},"excerpt":{"rendered":"<p>\u00ab\u00a0La Suisse et l\u2019Universit\u00e9 Euromed de F\u00e8s (UEMF) soutiennent le p\u00f4le de la recherche scientifique et de l\u2019innovation dans la ville spirituelle du Royaume, berceau de la plus ancienne universit\u00e9 au monde\u00a0\u00bb. C\u2019est ce qui ressort de la conf\u00e9rence de l&rsquo;ambassadeur de Suisse, Guillaume Scheurer, initi\u00e9e ce 3 mars 2021 au sein de l\u2019UEMF. En [&hellip;]<\/p>\n","protected":false},"author":1763,"featured_media":0,"comment_status":"closed","ping_status":"closed","sticky":false,"template":"","format":"standard","meta":{"fifu_image_url":"","fifu_image_alt":"","footnotes":""},"categories":[78,54],"tags":[],"class_list":["post-112385","post","type-post","status-publish","format-standard","hentry","category-economie","category-maroc"],"_links":{"self":[{"href":"https:\/\/linitiative.ca\/International\/wp-json\/wp\/v2\/posts\/112385","targetHints":{"allow":["GET"]}}],"collection":[{"href":"https:\/\/linitiative.ca\/International\/wp-json\/wp\/v2\/posts"}],"about":[{"href":"https:\/\/linitiative.ca\/International\/wp-json\/wp\/v2\/types\/post"}],"author":[{"embeddable":true,"href":"https:\/\/linitiative.ca\/International\/wp-json\/wp\/v2\/users\/1763"}],"replies":[{"embeddable":true,"href":"https:\/\/linitiative.ca\/International\/wp-json\/wp\/v2\/comments?post=112385"}],"version-history":[{"count":0,"href":"https:\/\/linitiative.ca\/International\/wp-json\/wp\/v2\/posts\/112385\/revisions"}],"wp:attachment":[{"href":"https:\/\/linitiative.ca\/International\/wp-json\/wp\/v2\/media?parent=112385"}],"wp:term":[{"taxonomy":"category","embeddable":true,"href":"https:\/\/linitiative.ca\/International\/wp-json\/wp\/v2\/categories?post=112385"},{"taxonomy":"post_tag","embeddable":true,"href":"https:\/\/linitiative.ca\/International\/wp-json\/wp\/v2\/tags?post=112385"}],"curies":[{"name":"wp","href":"https:\/\/api.w.org\/{rel}","templated":true}]}}