{"id":112386,"date":"2021-03-03T12:24:38","date_gmt":"2021-03-03T17:24:38","guid":{"rendered":"https:\/\/linitiative.ca\/International\/covid19-374-millions-de-personnes-vaccinees-hausse-des-nouveaux-cas\/"},"modified":"2021-03-03T12:24:38","modified_gmt":"2021-03-03T17:24:38","slug":"covid19-374-millions-de-personnes-vaccinees-hausse-des-nouveaux-cas","status":"publish","type":"post","link":"https:\/\/linitiative.ca\/International\/covid19-374-millions-de-personnes-vaccinees-hausse-des-nouveaux-cas\/","title":{"rendered":"Covid19: 3,74 millions de personnes vaccin\u00e9es, hausse des nouveaux cas"},"content":{"rendered":"<p class=\"rtejustify\">Le Maroc a enregistr\u00e9 <strong>594<\/strong> nouveaux cas de Covid19 durant les derni\u00e8res 24 heures, ce qui porte le total \u00e0\u00a0<strong>484.753<\/strong> cas confirm\u00e9s, d&rsquo;apr\u00e8s le nouveau bilan du minist\u00e8re de la Sant\u00e9 de ce mercredi 3 mars 2021. Le nombre de personnes vaccin\u00e9es se chiffre \u00e0 <strong>3.745.173<\/strong>, dont plus de <strong>87.000<\/strong> ayant re\u00e7u leur premi\u00e8re dose, indique \u00e9galement le minist\u00e8re.\u00a0<strong>360.689<\/strong> personnes ont pris leur 2e dose. Casablanca-Settat a enregistr\u00e9 <strong>291<\/strong> nouveaux cas, alors que la r\u00e9gion de Rabat-Sal\u00e9-K\u00e9nitra en compte <strong>108<\/strong>. Au total,\u00a0<strong>10.654<\/strong> nouveaux tests ont \u00e9t\u00e9 r\u00e9alis\u00e9s.<\/p>\n<p class=\"rtejustify\">Quant au nombre de d\u00e9c\u00e8s, il s&rsquo;\u00e9tablit \u00e0 <strong>8.653<\/strong>, soit <strong>8<\/strong> morts de plus en 24 heures (taux de l\u00e9talit\u00e9 1,8%), alors que <strong>557<\/strong> nouvelles gu\u00e9risons ont \u00e9t\u00e9 recens\u00e9es, soit au total <strong>470.425<\/strong>\u00a0(taux de gu\u00e9rison 97%). Le nombre de cas encore actifs atteint <strong>5.675<\/strong>, dont <strong>379<\/strong> s\u00e9v\u00e8res. Parmi ces derniers, <strong>20<\/strong> sont sous intubation, alors que <strong>234<\/strong> sont sous ventilation non invasive. Par ailleurs, le taux d&rsquo;occupation des lits d\u00e9di\u00e9s au Covid-19 atteint 12%.<\/p>\n<blockquote readability=\"4.75\">\n<p class=\"rtejustify\"><strong>Pour plus de d\u00e9tails, voir l&rsquo;\u00e9volution en temps r\u00e9el de l&rsquo;\u00e9pid\u00e9mie sur <a href=\"https:\/\/www.leconomiste.com\/covid19\/\">https:\/\/www.leconomiste.com\/covid19\/<\/a><\/strong><\/p>\n<\/blockquote>\n<p>Auteur: hgueye<br \/>\n<a href=\"https:\/\/www.leconomiste.com\/flash-infos\/covid19-millions-de-personnes-vaccinees-2\">Cliquez ici pour lire l&rsquo;article depuis sa source.<\/a><\/p>\n","protected":false},"excerpt":{"rendered":"<p>Le Maroc a enregistr\u00e9 594 nouveaux cas de Covid19 durant les derni\u00e8res 24 heures, ce qui porte le total \u00e0\u00a0484.753 cas confirm\u00e9s, d&rsquo;apr\u00e8s le nouveau bilan du minist\u00e8re de la Sant\u00e9 de ce mercredi 3 mars 2021. Le nombre de personnes vaccin\u00e9es se chiffre \u00e0 3.745.173, dont plus de 87.000 ayant re\u00e7u leur premi\u00e8re dose, [&hellip;]<\/p>\n","protected":false},"author":1763,"featured_media":0,"comment_status":"closed","ping_status":"closed","sticky":false,"template":"","format":"standard","meta":{"fifu_image_url":"","fifu_image_alt":"","footnotes":""},"categories":[78,54],"tags":[],"class_list":["post-112386","post","type-post","status-publish","format-standard","hentry","category-economie","category-maroc"],"_links":{"self":[{"href":"https:\/\/linitiative.ca\/International\/wp-json\/wp\/v2\/posts\/112386","targetHints":{"allow":["GET"]}}],"collection":[{"href":"https:\/\/linitiative.ca\/International\/wp-json\/wp\/v2\/posts"}],"about":[{"href":"https:\/\/linitiative.ca\/International\/wp-json\/wp\/v2\/types\/post"}],"author":[{"embeddable":true,"href":"https:\/\/linitiative.ca\/International\/wp-json\/wp\/v2\/users\/1763"}],"replies":[{"embeddable":true,"href":"https:\/\/linitiative.ca\/International\/wp-json\/wp\/v2\/comments?post=112386"}],"version-history":[{"count":0,"href":"https:\/\/linitiative.ca\/International\/wp-json\/wp\/v2\/posts\/112386\/revisions"}],"wp:attachment":[{"href":"https:\/\/linitiative.ca\/International\/wp-json\/wp\/v2\/media?parent=112386"}],"wp:term":[{"taxonomy":"category","embeddable":true,"href":"https:\/\/linitiative.ca\/International\/wp-json\/wp\/v2\/categories?post=112386"},{"taxonomy":"post_tag","embeddable":true,"href":"https:\/\/linitiative.ca\/International\/wp-json\/wp\/v2\/tags?post=112386"}],"curies":[{"name":"wp","href":"https:\/\/api.w.org\/{rel}","templated":true}]}}