{"id":112389,"date":"2021-03-03T11:00:00","date_gmt":"2021-03-03T16:00:00","guid":{"rendered":"https:\/\/linitiative.ca\/International\/la-liberation-des-detenus-du-hirak-nest-pas-un-signe-de-faiblesse-mais-loccasion-douvrir-une-nouvelle-page-pour-tous\/"},"modified":"2021-03-03T11:00:00","modified_gmt":"2021-03-03T16:00:00","slug":"la-liberation-des-detenus-du-hirak-nest-pas-un-signe-de-faiblesse-mais-loccasion-douvrir-une-nouvelle-page-pour-tous","status":"publish","type":"post","link":"https:\/\/linitiative.ca\/International\/la-liberation-des-detenus-du-hirak-nest-pas-un-signe-de-faiblesse-mais-loccasion-douvrir-une-nouvelle-page-pour-tous\/","title":{"rendered":"\u00ab La lib\u00e9ration des d\u00e9tenus du Hirak n\u2019est pas un signe de faiblesse mais l\u2019occasion d\u2019ouvrir une nouvelle page pour tous \u00bb"},"content":{"rendered":"<p class=\"p1 c3\"><span class=\"c2\"><strong>Le Temps-Agences- Le pr\u00e9sident alg\u00e9rien Abdelmajid Tebboune a donn\u00e9 une interview t\u00e9l\u00e9vis\u00e9e pour r\u00e9pondre aux attentes du peuple alg\u00e9rien et dans lequel il a \u00e9voqu\u00e9 plusieurs sujets dont notamment les \u00e9lections, le Hirak, et la relation avec la France.<\/strong><\/span><\/p>\n<p class=\"p2 c4\">\u00a0<\/p>\n<p class=\"p3 c5\"><span class=\"c2\">Abdelmajid Tebboune est aussi revenu sur sa sant\u00e9. \u00ab J\u2019ai travers\u00e9 une p\u00e9riode tr\u00e8s critique, c\u2019\u00e9tait tr\u00e8s difficile \u00bb, a reconnu le pr\u00e9sident au d\u00e9but de cette rencontre avec la presse. A cette occasion, il a d\u00e9nonc\u00e9 les rumeurs sur sa sant\u00e9 \u00ab venant de pays voisins pour semer le chaos et d\u00e9stabiliser l\u2019Alg\u00e9rie \u00bb.<\/span><\/p>\n<p class=\"p3 c5\"><span class=\"c2\">Concernant la situation interne du pays et la d\u00e9ception des Alg\u00e9riens qui souhaitaient avoir un remaniement gouvernemental profond, il a affirm\u00e9 que le r\u00e9cent changement avait \u00e9t\u00e9 op\u00e9r\u00e9 dans l\u2019urgence pour apporter des services de base aux r\u00e9gions les moins favoris\u00e9es. Il a aussi dit qu\u2019il voulait \u00e9viter un changement trop brutal, car \u00ab l\u2019Alg\u00e9rie est sur le point d\u2019organiser des \u00e9lections municipales et l\u00e9gislatives \u00bb.<\/span><\/p>\n<p class=\"p3 c5\"><span class=\"c2\">Abdelmajid Tebboune a affirm\u00e9 que le retour des manifestations ne le d\u00e9rangeait pas et que la lib\u00e9ration des d\u00e9tenus du Hirak n\u2019est pas un signe de faiblesse comme certains l\u2019ont interpr\u00e9t\u00e9, mais l\u2019occasion d\u2019ouvrir une nouvelle page pour tous.<\/span><\/p>\n<p class=\"p3 c5\"><span class=\"c2\">Enfin, le pr\u00e9sident Abdelmajid Tebboune est revenu sur le rapport de l\u2019historien fran\u00e7ais Benjamin Stora sur la colonisation et la guerre d\u2019Alg\u00e9rie. Le chef de l\u2019\u00c9tat alg\u00e9rien a estim\u00e9 qu\u2019il n\u2019y aura pas de bonnes relations avec la France \u00ab au d\u00e9triment de l\u2019histoire et de notre m\u00e9moire, mais les choses se r\u00e9solvent par l\u2019intelligence et le calme et non avec les slogans. Ajoutant : Nous ne laisserons jamais tomber notre m\u00e9moire, mais nous ne l\u2019utiliserons pas comme font de commerce. \u00bb<\/span><\/p>\n<p class=\"p3 c5\"><span class=\"c2\">Le pr\u00e9sident alg\u00e9rien a confirm\u00e9 l\u2019existence de bonnes relations bilat\u00e9rales estimant que le pr\u00e9sident Macron \u00ab a permis d\u2019\u00e9liminer une certaine crispation dans les positions \u00bb. Toutefois, il a d\u00e9nonc\u00e9 \u00ab des lobbys tr\u00e8s puissants en France qui embrouillent ces relations \u00bb. Il a d\u00e9clar\u00e9 enfin, contrairement \u00e0 ce qui a \u00e9t\u00e9 dit en France, qu\u2019Alger n\u2019allait pas envoyer de forces au Sahel.<\/span><\/p>\n<p>Auteur: letemps1<br \/>\n<a href=\"http:\/\/www.letemps.com.tn\/article\/119556\/%C2%AB-la-lib%C3%A9ration-des-d%C3%A9tenus-du-hirak-n%E2%80%99est-pas-un-signe-de-faiblesse-mais-l%E2%80%99occasion\">Cliquez ici pour lire l&rsquo;article depuis sa source.<\/a><\/p>\n","protected":false},"excerpt":{"rendered":"<p>Le Temps-Agences- Le pr\u00e9sident alg\u00e9rien Abdelmajid Tebboune a donn\u00e9 une interview t\u00e9l\u00e9vis\u00e9e pour r\u00e9pondre aux attentes du peuple alg\u00e9rien et dans lequel il a \u00e9voqu\u00e9 plusieurs sujets dont notamment les \u00e9lections, le Hirak, et la relation avec la France. \u00a0 Abdelmajid Tebboune est aussi revenu sur sa sant\u00e9. \u00ab J\u2019ai travers\u00e9 une p\u00e9riode tr\u00e8s critique, [&hellip;]<\/p>\n","protected":false},"author":1773,"featured_media":0,"comment_status":"closed","ping_status":"closed","sticky":false,"template":"","format":"standard","meta":{"fifu_image_url":"","fifu_image_alt":"","footnotes":""},"categories":[73,55],"tags":[],"class_list":["post-112389","post","type-post","status-publish","format-standard","hentry","category-actualite","category-tunisie"],"_links":{"self":[{"href":"https:\/\/linitiative.ca\/International\/wp-json\/wp\/v2\/posts\/112389","targetHints":{"allow":["GET"]}}],"collection":[{"href":"https:\/\/linitiative.ca\/International\/wp-json\/wp\/v2\/posts"}],"about":[{"href":"https:\/\/linitiative.ca\/International\/wp-json\/wp\/v2\/types\/post"}],"author":[{"embeddable":true,"href":"https:\/\/linitiative.ca\/International\/wp-json\/wp\/v2\/users\/1773"}],"replies":[{"embeddable":true,"href":"https:\/\/linitiative.ca\/International\/wp-json\/wp\/v2\/comments?post=112389"}],"version-history":[{"count":0,"href":"https:\/\/linitiative.ca\/International\/wp-json\/wp\/v2\/posts\/112389\/revisions"}],"wp:attachment":[{"href":"https:\/\/linitiative.ca\/International\/wp-json\/wp\/v2\/media?parent=112389"}],"wp:term":[{"taxonomy":"category","embeddable":true,"href":"https:\/\/linitiative.ca\/International\/wp-json\/wp\/v2\/categories?post=112389"},{"taxonomy":"post_tag","embeddable":true,"href":"https:\/\/linitiative.ca\/International\/wp-json\/wp\/v2\/tags?post=112389"}],"curies":[{"name":"wp","href":"https:\/\/api.w.org\/{rel}","templated":true}]}}