{"id":112390,"date":"2021-03-03T11:00:00","date_gmt":"2021-03-03T16:00:00","guid":{"rendered":"https:\/\/linitiative.ca\/International\/les-journalistes-de-plus-en-plus-dans-la-ligne-de-mire\/"},"modified":"2021-03-03T11:00:00","modified_gmt":"2021-03-03T16:00:00","slug":"les-journalistes-de-plus-en-plus-dans-la-ligne-de-mire","status":"publish","type":"post","link":"https:\/\/linitiative.ca\/International\/les-journalistes-de-plus-en-plus-dans-la-ligne-de-mire\/","title":{"rendered":"Les journalistes de plus en plus dans la ligne de mire"},"content":{"rendered":"<p class=\"p1 c4\"><span class=\"c3\"><strong><span class=\"s1 c2\">Le Temps-Agences-<\/span> De nouvelles tensions interviennent deux jours apr\u00e8s une journ\u00e9e de r\u00e9pression meurtri\u00e8re au cours de laquelle au moins 18 personnes ont \u00e9t\u00e9 tu\u00e9es, selon l\u2019ONU.<\/strong><\/span><\/p>\n<p class=\"p1 c5\"><span class=\"c3\">Les tensions restent vives hier en Birmanie avec de nouveaux manifestants bless\u00e9s, dont trois dans un \u00e9tat grave, et de plus en plus de journalistes cibl\u00e9s par les autorit\u00e9s qui font fi des condamnations internationales.<\/span><\/p>\n<p class=\"p1 c5\"><span class=\"c3\">\u00abUne vingtaine de personnes ont \u00e9t\u00e9 bless\u00e9es\u00bb dans la ville de Kale (Nord-Ouest) par la police et l\u2019arm\u00e9e venues disperser un rassemblement pro-d\u00e9mocratie, a indiqu\u00e9 \u00e0 l\u2019AFP un secouriste. \u00abTrois, touch\u00e9es par des tirs \u00e0 balles r\u00e9elles, doivent \u00eatre op\u00e9r\u00e9es en urgence et sont dans un \u00e9tat critique\u00bb, a pr\u00e9cis\u00e9 un docteur de l\u2019h\u00f4pital o\u00f9 elles ont \u00e9t\u00e9 transport\u00e9es.<\/span><\/p>\n<p class=\"p1 c5\"><span class=\"c3\">Quelques heures plus t\u00f4t, un journaliste birman, Kaung Myat Hlaing, a \u00e9t\u00e9 arr\u00eat\u00e9 \u00e0 son domicile lors d\u2019une op\u00e9ration muscl\u00e9e des forces de s\u00e9curit\u00e9, selon son employeur Democratic Voice of Burma (DVB). Des tirs ont \u00e9t\u00e9 entendus lors de l\u2019arrestation qu\u2019il a lui-m\u00eame film\u00e9e en direct et dont les images ont \u00e9t\u00e9 retransmises sur les r\u00e9seaux sociaux.<\/span><\/p>\n<p class=\"p1 c5\"><span class=\"c3\">Par crainte des repr\u00e9sailles, les manifestants \u00e9taient moins nombreux hier \u00e0 descendre dans les rues notamment \u00e0 Rangoun, la capitale \u00e9conomique. Certains ont tout de m\u00eame \u00e9rig\u00e9 des barricades de fortune avec des pneus, des panneaux de bois et des barres de m\u00e9tal pour se prot\u00e9ger.<\/span><\/p>\n<p class=\"p1 c5\"><span class=\"c3\">Face \u00e0 eux, les forces de s\u00e9curit\u00e9 ont \u00e9t\u00e9 d\u00e9ploy\u00e9es en nombre. Dans le quartier de Sanchaung, dans le Nord de la ville, \u00abelles ont tir\u00e9 des gaz lacrymog\u00e8nes et des munitions en caoutchouc\u00bb, a rapport\u00e9 un habitant. \u00abElles viennent ici pour nettoyer le quartier\u00bb, a relev\u00e9 un autre.<\/span><\/p>\n<p class=\"p1 c5\"><span class=\"c3\">Les vagues d\u2019arrestation se poursuivent. 1300 personnes ont \u00e9t\u00e9 arr\u00eat\u00e9es lors de la seule journ\u00e9e de dimanche, selon la cha\u00eene de t\u00e9l\u00e9vision d\u2019Etat MRTV.<\/span><\/p>\n<p class=\"p1 c5\"><span class=\"c3\">Et les journalistes ont de plus en plus de mal \u00e0 pouvoir travailler. Plusieurs ont \u00e9t\u00e9 interpell\u00e9s ces derniers jours, dont un photographe de l\u2019agence de presse am\u00e9ricaine Associated Press. D\u2019autres ont \u00e9t\u00e9 vis\u00e9s par des tirs de balles en caoutchouc, notamment deux employ\u00e9s par l\u2019agence chinoise Xinhua.<\/span><\/p>\n<p class=\"p1 c5\"><span class=\"c3\">Coupures d\u2019internet, vagues d\u2019interpellations, tirs, renforcement de l\u2019arsenal r\u00e9pressif: la junte n\u2019a cess\u00e9 d\u2019accro\u00eetre sa r\u00e9pression depuis le putsch du 1er f\u00e9vrier qui a renvers\u00e9 le gouvernement civil d\u2019Aung San Suu Kyi.<\/span><\/p>\n<p class=\"p1 c5\"><span class=\"c3\">Tenue au secret depuis son arrestation, l\u2019ex-dirigeante de 75 ans est d\u00e9sormais inculp\u00e9e pour quatre chefs: importation ill\u00e9gale de talkies-walkies, non-respect des restrictions li\u00e9es au coronavirus, violation d\u2019une loi sur les t\u00e9l\u00e9communications et incitation aux troubles publics.<\/span><\/p>\n<p class=\"p1 c5\"><span class=\"c3\">Elle est apparue \u00aben bonne sant\u00e9\u00bb lors d\u2019une audience en vid\u00e9oconf\u00e9rence qui s\u2019est tenue lundi, d\u2019apr\u00e8s son avocat qui n\u2019a toujours pas \u00e9t\u00e9 autoris\u00e9 \u00e0 rencontrer sa cliente.<\/span><\/p>\n<p class=\"p1 c5\"><span class=\"c3\">Apr\u00e8s pr\u00e8s d\u2019un mois de mobilisation pro-d\u00e9mocratie avec des manifestations quotidiennes et une campagne de d\u00e9sob\u00e9issance civile, la riposte des autorit\u00e9s a \u00e9t\u00e9 particuli\u00e8rement sanglante dimanche.<\/span><\/p>\n<p class=\"p1 c5\"><span class=\"c3\">Hier, des centaines de personnes se sont rassembl\u00e9es dans un petit cimeti\u00e8re de Rangoun pour les fun\u00e9railles d\u2019une des victimes, Nyi Nyi Aung Htet Naing, tu\u00e9 par un tir dans l\u2019estomac.<\/span><\/p>\n<p class=\"p1 c5\"><span class=\"c3\">Les violences meurtri\u00e8res suscitent un concert de condamnations internationales. L\u2019ambassadeur birman aux Nations unies, Kyaw Moe Tun, a lui-m\u00eame rompu de mani\u00e8re spectaculaire avec les g\u00e9n\u00e9raux putschistes la semaine derni\u00e8re en appelant \u00e0 \u00abmettre fin au coup d\u2019Etat\u00bb. Il a \u00e9t\u00e9 d\u00e9mis de ses fonctions par la junte.<\/span><\/p>\n<p class=\"p1 c5\"><span class=\"c3\">Mais P\u00e9kin et Moscou, alli\u00e9s traditionnels de l\u2019arm\u00e9e birmane, consid\u00e8rent cette crise comme une \u00abaffaire int\u00e9rieure\u00bb au pays. De nouveaux entretiens internationaux doivent avoir lieu.<\/span><\/p>\n<p class=\"p1 c4\">\u00a0<\/p>\n<p class=\"p1 c5\"><span class=\"c3\">Les quinze membres du Conseil de s\u00e9curit\u00e9 de l\u2019ONU, y compris la Chine, envisagent de tenir cette semaine une nouvelle r\u00e9union sur la Birmanie, selon des sources diplomatiques. Les ministres des Affaires \u00e9trang\u00e8res de l\u2019Asean (Association des nations de l\u2019Asie du Sud-Est) doivent s\u2019entretenir en ligne.<\/span><\/p>\n<p>Auteur: letemps1<br \/>\n<a href=\"http:\/\/www.letemps.com.tn\/article\/119557\/les-journalistes-de-plus-en-plus-dans-la-ligne-de-mire\">Cliquez ici pour lire l&rsquo;article depuis sa source.<\/a><\/p>\n","protected":false},"excerpt":{"rendered":"<p>Le Temps-Agences- De nouvelles tensions interviennent deux jours apr\u00e8s une journ\u00e9e de r\u00e9pression meurtri\u00e8re au cours de laquelle au moins 18 personnes ont \u00e9t\u00e9 tu\u00e9es, selon l\u2019ONU. Les tensions restent vives hier en Birmanie avec de nouveaux manifestants bless\u00e9s, dont trois dans un \u00e9tat grave, et de plus en plus de journalistes cibl\u00e9s par les [&hellip;]<\/p>\n","protected":false},"author":1773,"featured_media":0,"comment_status":"closed","ping_status":"closed","sticky":false,"template":"","format":"standard","meta":{"fifu_image_url":"","fifu_image_alt":"","footnotes":""},"categories":[73,55],"tags":[],"class_list":["post-112390","post","type-post","status-publish","format-standard","hentry","category-actualite","category-tunisie"],"_links":{"self":[{"href":"https:\/\/linitiative.ca\/International\/wp-json\/wp\/v2\/posts\/112390","targetHints":{"allow":["GET"]}}],"collection":[{"href":"https:\/\/linitiative.ca\/International\/wp-json\/wp\/v2\/posts"}],"about":[{"href":"https:\/\/linitiative.ca\/International\/wp-json\/wp\/v2\/types\/post"}],"author":[{"embeddable":true,"href":"https:\/\/linitiative.ca\/International\/wp-json\/wp\/v2\/users\/1773"}],"replies":[{"embeddable":true,"href":"https:\/\/linitiative.ca\/International\/wp-json\/wp\/v2\/comments?post=112390"}],"version-history":[{"count":0,"href":"https:\/\/linitiative.ca\/International\/wp-json\/wp\/v2\/posts\/112390\/revisions"}],"wp:attachment":[{"href":"https:\/\/linitiative.ca\/International\/wp-json\/wp\/v2\/media?parent=112390"}],"wp:term":[{"taxonomy":"category","embeddable":true,"href":"https:\/\/linitiative.ca\/International\/wp-json\/wp\/v2\/categories?post=112390"},{"taxonomy":"post_tag","embeddable":true,"href":"https:\/\/linitiative.ca\/International\/wp-json\/wp\/v2\/tags?post=112390"}],"curies":[{"name":"wp","href":"https:\/\/api.w.org\/{rel}","templated":true}]}}