{"id":112391,"date":"2021-03-03T11:00:00","date_gmt":"2021-03-03T16:00:00","guid":{"rendered":"https:\/\/linitiative.ca\/International\/trois-employees-de-television-tuees-par-balles-en-afghanistan\/"},"modified":"2021-03-03T11:00:00","modified_gmt":"2021-03-03T16:00:00","slug":"trois-employees-de-television-tuees-par-balles-en-afghanistan","status":"publish","type":"post","link":"https:\/\/linitiative.ca\/International\/trois-employees-de-television-tuees-par-balles-en-afghanistan\/","title":{"rendered":"Trois employ\u00e9es de t\u00e9l\u00e9vision  tu\u00e9es par balles en Afghanistan"},"content":{"rendered":"<p class=\"p1 c4\"><span class=\"c3\"><strong><span class=\"s1 c2\">Le Temps-Agences<\/span>-Trois employ\u00e9es d&rsquo;une cha\u00eene de t\u00e9l\u00e9vision ont \u00e9t\u00e9 tu\u00e9es par balles par des hommes arm\u00e9s hier \u00e0 Jalalabad, dans l&rsquo;est de l&rsquo;Afghanistan, moins de trois mois apr\u00e8s l&rsquo;assassinat dans les m\u00eames circonstances d&rsquo;une de ses pr\u00e9sentatrices, ont annonc\u00e9 leurs coll\u00e8gues.<\/strong><\/span><\/p>\n<p class=\"p1 c5\"><span class=\"c3\">\u00ab\u00a0Cet apr\u00e8s-midi, trois de nos coll\u00e8gues, des jeunes femmes \u00e2g\u00e9es de 17 \u00e0 20 ans, ont \u00e9t\u00e9 tu\u00e9es par balles par des hommes arm\u00e9s dans la ville de Jalalabad\u00a0\u00bb, a d\u00e9clar\u00e9 hier Zalmai Latifi, le directeur de la cha\u00eene Enekaas TV.<\/span><\/p>\n<p class=\"p1 c5\"><span class=\"c3\">Selon la police, un assaillant, appartenant aux talibans, a \u00e9t\u00e9 arr\u00eat\u00e9.<\/span><\/p>\n<p class=\"p1 c5\"><span class=\"c3\">Kayhan Safi, chef du d\u00e9partement de doublage \u00e0 Enekaas TV, au sein duquel les trois victimes travaillaient, a confirm\u00e9 l&rsquo;attaque. Il a pr\u00e9cis\u00e9 que les trois jeunes femmes, pr\u00e9nomm\u00e9es Shahnaz, Sadia et Mursal, ont \u00e9t\u00e9 tu\u00e9es alors qu&rsquo;elles quittaient leur bureau pour rentrer chez elles \u00e0 pied.<\/span><\/p>\n<p class=\"p1 c5\"><span class=\"c3\">\u00ab\u00a0Elles travaillaient avec nous depuis plus de deux ans (&#8230;) Nous sommes tous sous le choc ici\u00a0\u00bb, a-t-il r\u00e9agi.<\/span><\/p>\n<p class=\"p1 c5\"><span class=\"c3\">D\u00e9but d\u00e9cembre, une pr\u00e9sentatrice de t\u00e9l\u00e9vision et activiste travaillant pour Enekaas TV, Malalai Maiwand, avait \u00e9t\u00e9 tu\u00e9e par balles avec son chauffeur \u00e0 Jalalabad, en se rendant \u00e0 son bureau.<\/span><\/p>\n<p class=\"p1 c5\"><span class=\"c3\">\u00ab\u00a0Nous avons arr\u00eat\u00e9 (un assaillant) alors qu&rsquo;il tentait de s&rsquo;\u00e9chapper au volant d&rsquo;un rickshaw. Son nom est Qari Basir et il a avou\u00e9 avoir men\u00e9 l&rsquo;attaque. Il est membre des talibans\u00a0\u00bb, a indiqu\u00e9 Juma Gul Hemat, le chef de la police de Nangarhar, province o\u00f9 l&rsquo;incident a eu lieu.<\/span><\/p>\n<p class=\"p1 c5\"><span class=\"c3\">L&rsquo;attaque n&rsquo;a cependant pas \u00e9t\u00e9 revendiqu\u00e9e pour l&rsquo;instant.<\/span><\/p>\n<p class=\"p1 c5\"><span class=\"c3\">Zahir Adel, le porte-parole de l&rsquo;h\u00f4pital de Nangarhar, a confirm\u00e9 que les corps des trois employ\u00e9es avaient \u00e9t\u00e9 amen\u00e9s dans son \u00e9tablissement, ainsi que deux autres femmes qui ont \u00e9t\u00e9 bless\u00e9es.<\/span><\/p>\n<p class=\"p1 c5\"><span class=\"c3\">Les assassinats cibl\u00e9s de journalistes, juges, m\u00e9decins, personnalit\u00e9s politiques ou religieuses, et d\u00e9fenseurs des droits, sont devenus de plus en plus fr\u00e9quents ces derniers mois en Afghanistan.<\/span><\/p>\n<p class=\"p1 c5\"><span class=\"c3\">Les victimes sont souvent tu\u00e9es par balles ou dans l&rsquo;explosion de bombes fix\u00e9es sur leurs v\u00e9hicules, aux heures de grande affluence sur les routes des grandes villes.<\/span><\/p>\n<p class=\"p1 c4\">\u00a0<\/p>\n<p class=\"p1 c5\"><span class=\"c3\">Les talibans nient toute responsabilit\u00e9 dans les attentats cibl\u00e9s et l&rsquo;organisation jihadiste \u00c9tat islamique en a revendiqu\u00e9 la plupart. Mais le gouvernement afghan et les \u00c9tats-Unis continuent \u00e0 leur en imputer la responsabilit\u00e9.<\/span><\/p>\n<p>Auteur: letemps1<br \/>\n<a href=\"http:\/\/www.letemps.com.tn\/article\/119558\/trois-employ%C3%A9es-de-t%C3%A9l%C3%A9vision-tu%C3%A9es-par-balles-en-afghanistan\">Cliquez ici pour lire l&rsquo;article depuis sa source.<\/a><\/p>\n","protected":false},"excerpt":{"rendered":"<p>Le Temps-Agences-Trois employ\u00e9es d&rsquo;une cha\u00eene de t\u00e9l\u00e9vision ont \u00e9t\u00e9 tu\u00e9es par balles par des hommes arm\u00e9s hier \u00e0 Jalalabad, dans l&rsquo;est de l&rsquo;Afghanistan, moins de trois mois apr\u00e8s l&rsquo;assassinat dans les m\u00eames circonstances d&rsquo;une de ses pr\u00e9sentatrices, ont annonc\u00e9 leurs coll\u00e8gues. \u00ab\u00a0Cet apr\u00e8s-midi, trois de nos coll\u00e8gues, des jeunes femmes \u00e2g\u00e9es de 17 \u00e0 20 [&hellip;]<\/p>\n","protected":false},"author":1773,"featured_media":0,"comment_status":"closed","ping_status":"closed","sticky":false,"template":"","format":"standard","meta":{"fifu_image_url":"","fifu_image_alt":"","footnotes":""},"categories":[73,55],"tags":[],"class_list":["post-112391","post","type-post","status-publish","format-standard","hentry","category-actualite","category-tunisie"],"_links":{"self":[{"href":"https:\/\/linitiative.ca\/International\/wp-json\/wp\/v2\/posts\/112391","targetHints":{"allow":["GET"]}}],"collection":[{"href":"https:\/\/linitiative.ca\/International\/wp-json\/wp\/v2\/posts"}],"about":[{"href":"https:\/\/linitiative.ca\/International\/wp-json\/wp\/v2\/types\/post"}],"author":[{"embeddable":true,"href":"https:\/\/linitiative.ca\/International\/wp-json\/wp\/v2\/users\/1773"}],"replies":[{"embeddable":true,"href":"https:\/\/linitiative.ca\/International\/wp-json\/wp\/v2\/comments?post=112391"}],"version-history":[{"count":0,"href":"https:\/\/linitiative.ca\/International\/wp-json\/wp\/v2\/posts\/112391\/revisions"}],"wp:attachment":[{"href":"https:\/\/linitiative.ca\/International\/wp-json\/wp\/v2\/media?parent=112391"}],"wp:term":[{"taxonomy":"category","embeddable":true,"href":"https:\/\/linitiative.ca\/International\/wp-json\/wp\/v2\/categories?post=112391"},{"taxonomy":"post_tag","embeddable":true,"href":"https:\/\/linitiative.ca\/International\/wp-json\/wp\/v2\/tags?post=112391"}],"curies":[{"name":"wp","href":"https:\/\/api.w.org\/{rel}","templated":true}]}}