{"id":112392,"date":"2021-03-03T15:14:01","date_gmt":"2021-03-03T20:14:01","guid":{"rendered":"https:\/\/linitiative.ca\/International\/international-tottenham-bale-aurait-envoye-un-message-au-real-madrid\/"},"modified":"2021-03-03T15:14:01","modified_gmt":"2021-03-03T20:14:01","slug":"international-tottenham-bale-aurait-envoye-un-message-au-real-madrid","status":"publish","type":"post","link":"https:\/\/linitiative.ca\/International\/international-tottenham-bale-aurait-envoye-un-message-au-real-madrid\/","title":{"rendered":"International : Tottenham : Bale aurait envoy\u00e9 un message au Real Madrid"},"content":{"rendered":"<div readability=\"32\">\n<p>Auteur : <span class=\"time\">mercredi 03 mars 2021 15:20<\/span><\/p>\n<\/div>\n<div id=\"post_core\" readability=\"48\">\n<p>Selon Topmercato et Daily Mirror, le footballeur de 31 ans ne serait pas emball\u00e9 par la perspective de diminuer ses \u00e9moluments lors de la derni\u00e8re ann\u00e9e de son contrat avec la Maison Blanche, qui court jusqu\u2019en juin 2022. Il est pr\u00e9cis\u00e9 que m\u00eame dans le cadre d\u2019une prolongation de son engagement avec les Spurs, le natif de Cardiff voudrait percevoir le m\u00eame salaire, estim\u00e9 \u00e0 environ 700 000 euros par semaine. En d\u2019autres termes, quelle que soit l\u2019identit\u00e9 de son futur club, Gareth Bale ne serait pas dispos\u00e9 \u00e0 consentir un effort financier. R\u00e9cemment interrog\u00e9 sur sa situation, son agent n\u2019a pas ferm\u00e9 la porte \u00e0 un retour de l\u2019autre c\u00f4t\u00e9 des Pyr\u00e9n\u00e9es. De son c\u00f4t\u00e9, Tottenham n\u2019a pas encore pris une d\u00e9cision d\u00e9finitive sur son avenir, m\u00eame si Jos\u00e9 Mourinho s\u2019est montr\u00e9 \u00e9logieux \u00e0 son sujet. Depuis le lancement de cet exercice, le num\u00e9ro 9 londonien a disput\u00e9 20 matches toutes comp\u00e9titions, pour 8 buts marqu\u00e9s.\u00a0<\/p>\n<p><strong>Publi\u00e9 dans :<\/strong> <span>real madrid<\/span> <span>Tottenham : Bale<\/span><\/p>\n<\/div>\n<p>Auteur:<br \/>\n<a href=\"http:\/\/www.lebuteur.com\/article\/detail?titre=tottenham-bale-aurait-envoye-un-message-au-real-madrid&#038;id=99268&#038;utm_source=feedburner&#038;utm_medium=feed&#038;utm_campaign=Feed%3A+GalerieFArtciles+%28Les+derniers+articles++-+lebuteur.com%29\">Cliquez ici pour lire l&rsquo;article depuis sa source.<\/a><\/p>\n","protected":false},"excerpt":{"rendered":"<p>Auteur : mercredi 03 mars 2021 15:20 Selon Topmercato et Daily Mirror, le footballeur de 31 ans ne serait pas emball\u00e9 par la perspective de diminuer ses \u00e9moluments lors de la derni\u00e8re ann\u00e9e de son contrat avec la Maison Blanche, qui court jusqu\u2019en juin 2022. Il est pr\u00e9cis\u00e9 que m\u00eame dans le cadre d\u2019une prolongation [&hellip;]<\/p>\n","protected":false},"author":1738,"featured_media":0,"comment_status":"closed","ping_status":"closed","sticky":false,"template":"","format":"standard","meta":{"fifu_image_url":"\/\/cdn.lebuteur.com\/data\/images\/article\/thumbs\/large-tottenham-bale-aurait-envoye-un-message-au-real-madrid-5fb3d.jpg","fifu_image_alt":"International : Tottenham : Bale aurait envoy\u00e9 un message au Real Madrid","footnotes":""},"categories":[53,75],"tags":[],"class_list":["post-112392","post","type-post","status-publish","format-standard","hentry","category-algerie","category-sport"],"_links":{"self":[{"href":"https:\/\/linitiative.ca\/International\/wp-json\/wp\/v2\/posts\/112392","targetHints":{"allow":["GET"]}}],"collection":[{"href":"https:\/\/linitiative.ca\/International\/wp-json\/wp\/v2\/posts"}],"about":[{"href":"https:\/\/linitiative.ca\/International\/wp-json\/wp\/v2\/types\/post"}],"author":[{"embeddable":true,"href":"https:\/\/linitiative.ca\/International\/wp-json\/wp\/v2\/users\/1738"}],"replies":[{"embeddable":true,"href":"https:\/\/linitiative.ca\/International\/wp-json\/wp\/v2\/comments?post=112392"}],"version-history":[{"count":0,"href":"https:\/\/linitiative.ca\/International\/wp-json\/wp\/v2\/posts\/112392\/revisions"}],"wp:attachment":[{"href":"https:\/\/linitiative.ca\/International\/wp-json\/wp\/v2\/media?parent=112392"}],"wp:term":[{"taxonomy":"category","embeddable":true,"href":"https:\/\/linitiative.ca\/International\/wp-json\/wp\/v2\/categories?post=112392"},{"taxonomy":"post_tag","embeddable":true,"href":"https:\/\/linitiative.ca\/International\/wp-json\/wp\/v2\/tags?post=112392"}],"curies":[{"name":"wp","href":"https:\/\/api.w.org\/{rel}","templated":true}]}}