{"id":112396,"date":"2021-03-03T15:14:27","date_gmt":"2021-03-03T20:14:27","guid":{"rendered":"https:\/\/linitiative.ca\/International\/international-real-une-date-se-precise-pour-le-retour-de-ramos\/"},"modified":"2021-03-03T15:14:27","modified_gmt":"2021-03-03T20:14:27","slug":"international-real-une-date-se-precise-pour-le-retour-de-ramos","status":"publish","type":"post","link":"https:\/\/linitiative.ca\/International\/international-real-une-date-se-precise-pour-le-retour-de-ramos\/","title":{"rendered":"International : Real : Une date se pr\u00e9cise pour le retour de Ramos"},"content":{"rendered":"<div readability=\"32\">\n<p>Auteur : <span class=\"time\">mercredi 03 mars 2021 20:27<\/span><\/p>\n<\/div>\n<div id=\"post_core\" readability=\"39\">\n<p>Ayant subi une op\u00e9ration du m\u00e9nisque d\u00e9but f\u00e9vrier \u00e0 la suite d\u2019une blessure au genou, Marca annonce un probable retour du d\u00e9fenseur espagnol Sergio Ramos pour le match retour face \u00e0 l\u2019Atalanta Bergame le 16 mars. Si les Merengues ont derni\u00e8rement retrouv\u00e9 une solidit\u00e9 d\u00e9fensive (1 but encaiss\u00e9 sur les 5 derniers matchs), le retour de leur embl\u00e9matique capitaine ne sera pas de trop pour la phase \u00e0 \u00e9limination directe de C1 et dans l\u2019optique d\u2019une course au titre en championnat comme le souligne Onzemondial.<\/p>\n<p><strong>Publi\u00e9 dans :<\/strong> <span>real madrid<\/span><\/p>\n<\/div>\n<p>Auteur:<br \/>\n<a href=\"http:\/\/www.lebuteur.com\/article\/detail?titre=real-une-date-se-precise-pour-le-retour-de-ramos&#038;id=99272&#038;utm_source=feedburner&#038;utm_medium=feed&#038;utm_campaign=Feed%3A+GalerieFArtciles+%28Les+derniers+articles++-+lebuteur.com%29\">Cliquez ici pour lire l&rsquo;article depuis sa source.<\/a><\/p>\n","protected":false},"excerpt":{"rendered":"<p>Auteur : mercredi 03 mars 2021 20:27 Ayant subi une op\u00e9ration du m\u00e9nisque d\u00e9but f\u00e9vrier \u00e0 la suite d\u2019une blessure au genou, Marca annonce un probable retour du d\u00e9fenseur espagnol Sergio Ramos pour le match retour face \u00e0 l\u2019Atalanta Bergame le 16 mars. Si les Merengues ont derni\u00e8rement retrouv\u00e9 une solidit\u00e9 d\u00e9fensive (1 but encaiss\u00e9 [&hellip;]<\/p>\n","protected":false},"author":1738,"featured_media":0,"comment_status":"closed","ping_status":"closed","sticky":false,"template":"","format":"standard","meta":{"fifu_image_url":"\/\/cdn.lebuteur.com\/data\/images\/article\/thumbs\/large-real-une-date-se-precise-pour-le-retour-de-ramos-dafb8.jpg","fifu_image_alt":"International : Real : Une date se pr\u00e9cise pour le retour de Ramos","footnotes":""},"categories":[53,75],"tags":[],"class_list":["post-112396","post","type-post","status-publish","format-standard","hentry","category-algerie","category-sport"],"_links":{"self":[{"href":"https:\/\/linitiative.ca\/International\/wp-json\/wp\/v2\/posts\/112396","targetHints":{"allow":["GET"]}}],"collection":[{"href":"https:\/\/linitiative.ca\/International\/wp-json\/wp\/v2\/posts"}],"about":[{"href":"https:\/\/linitiative.ca\/International\/wp-json\/wp\/v2\/types\/post"}],"author":[{"embeddable":true,"href":"https:\/\/linitiative.ca\/International\/wp-json\/wp\/v2\/users\/1738"}],"replies":[{"embeddable":true,"href":"https:\/\/linitiative.ca\/International\/wp-json\/wp\/v2\/comments?post=112396"}],"version-history":[{"count":0,"href":"https:\/\/linitiative.ca\/International\/wp-json\/wp\/v2\/posts\/112396\/revisions"}],"wp:attachment":[{"href":"https:\/\/linitiative.ca\/International\/wp-json\/wp\/v2\/media?parent=112396"}],"wp:term":[{"taxonomy":"category","embeddable":true,"href":"https:\/\/linitiative.ca\/International\/wp-json\/wp\/v2\/categories?post=112396"},{"taxonomy":"post_tag","embeddable":true,"href":"https:\/\/linitiative.ca\/International\/wp-json\/wp\/v2\/tags?post=112396"}],"curies":[{"name":"wp","href":"https:\/\/api.w.org\/{rel}","templated":true}]}}