{"id":112397,"date":"2021-03-03T15:06:39","date_gmt":"2021-03-03T20:06:39","guid":{"rendered":"https:\/\/linitiative.ca\/International\/la-rasd-un-combat-seculaire-une-volonte-populaire-pour-une-defaite-ineluctable-du-colonialisme\/"},"modified":"2021-03-03T15:06:39","modified_gmt":"2021-03-03T20:06:39","slug":"la-rasd-un-combat-seculaire-une-volonte-populaire-pour-une-defaite-ineluctable-du-colonialisme","status":"publish","type":"post","link":"https:\/\/linitiative.ca\/International\/la-rasd-un-combat-seculaire-une-volonte-populaire-pour-une-defaite-ineluctable-du-colonialisme\/","title":{"rendered":"La RASD, un combat s\u00e9culaire, une volont\u00e9 populaire pour une d\u00e9faite In\u00e9luctable du colonialisme"},"content":{"rendered":"<h4 class=\"title-14\"\/>\n<p>Il est une v\u00e9rit\u00e9 incontest\u00e9e que le colonialisme et l\u2019accaparement par la force des territoires d\u2019autrui est un crime et une honte qui reste grav\u00e9e sur le front de l\u2019Humanit\u00e9. Si bien qu\u2019aujourd\u2019hui le fait qu\u2019un Etat, quel qu\u2019il soit, d\u00e9cide d\u2019aller au del\u00e0 de ses fronti\u00e8res afin d\u2019agrandir son territoire national est consid\u00e9r\u00e9 comme un acte odieux que la communaut\u00e9 internationale\u00a0\u00a0ne peut tol\u00e9rer ni admettre ni laisser s\u2019\u00e9tablir ou s\u2019accomplir. Le cas du Koweit en est un exemple. Ce n\u2019\u00e9tait pas le cas\u00a0\u00a0pour la RASD lorsque son territoire fut l\u2019objet d\u2019une invasion militaire par le royaume voisin.<\/p>\n<p data-originalfontsize=\"10px\" data-originalcomputedfontsize=\"10\">L\u2019histoire du Sahara occidental, de son Peuple et de sa r\u00e9publique, la RASD est, justement, une histoire terriblement marqu\u00e9e par le colonialisme classique, typiquement europ\u00e9en, espagnol dans ce cas, relay\u00e9 par un autre colonialisme tout aussi similaire mais cette fois-ci provenant\u00a0d\u2019un pays africain ayant \u00e9t\u00e9 lui-m\u00eame soumis au colonialisme.<\/p>\n<p data-originalfontsize=\"10px\" data-originalcomputedfontsize=\"10\">Le Maroc, voulant \u00e9tendre ill\u00e9galement et ill\u00e9gitimement son territoire au del\u00e0 des fronti\u00e8res qui lui sont internationalement reconnues, d\u00e9cida soudainement,\u00a0de revendiquer et brutalement annexer le territoire de la RASD. Un acte de folie qui reste \u00e9trangement impuni par la communaut\u00e9 internationale, donnant au Maroc, au fil des ans, un sentiment d\u2019impunit\u00e9 et d\u2019\u00eatre au dessus des lois africaines et onusiennes. Une attitude qui ne pouvait exister sans le soutien et la complicit\u00e9 de pays puissants, influents au sein de l\u2019ONU et du Conseil de s\u00e9curit\u00e9, eux-m\u00eame anciennes puissances coloniales. Une attitude ayant pour intention de retarder voire d\u2019emp\u00eacher la lib\u00e9ration de la derni\u00e8re colonie en Afrique.<\/p>\n<p data-originalfontsize=\"10px\" data-originalcomputedfontsize=\"10\">Au commencement de l\u2019histoire, l\u2019Espagne alla planter un comptoir commercial, un drapeau national, arracha quelques accords de certains chefs de tribus locaux et fit valider un \u00ab\u00a0droit colonial\u00a0\u00bb aupr\u00e8s des autres partenaires de la Conf\u00e9rence de Berlin, d\u00e9cid\u00e9s \u00e0 partager l\u2019Afrique pour la civiliser, parait-il!<\/p>\n<p data-originalfontsize=\"10px\" data-originalcomputedfontsize=\"10\">Ce \u00ab\u00a0droit\u00a0colonial\u00bb reconnu, les fronti\u00e8res officiellement trac\u00e9es, l\u2019Espagne s\u2019installa dans sa nouvelle colonie un si\u00e8cle durant, l\u2019exploita\u00a0\u00a0et la pilla comme elle voulait, et m\u00eame en la d\u00e9clarant \u00ab province\u00a0nationale\u00bb, dans une ultime tentative d\u2019emp\u00eacher sa d\u00e9colonisation et en tout cas, si cela devait advenir il ne devait pas \u00eatre selon les r\u00e8gles des Nations Unies.<\/p>\n<p data-originalfontsize=\"10px\" data-originalcomputedfontsize=\"10\">D\u2019appel en appel,\u00a0\u00a0l\u2019Espagne feignant c\u00e9der \u00e0 l\u2019ONU, c\u00e9da finalement le territoire au Maroc sans respecter les r\u00e8gles r\u00e9gissant la d\u00e9colonisation, ni l\u2019Avis de la Cour Internationale de Justice, encore moins la volont\u00e9, clairement affich\u00e9e, du Peuple\u00a0\u00a0sahraoui. Elle a ainsi, contre toute attente, pr\u00e9par\u00e9 le terrain au royaume voisin pour envahir, annexer et disposer comme il l\u2019entendait du territoire de la RASD, comme au \u00ab\u00a0bon vieux temps\u00a0\u00bb des colonies.<\/p>\n<p data-originalfontsize=\"10px\" data-originalcomputedfontsize=\"10\">Le 26 f\u00e9vrier 1976, le dernier soldat espagnol ayant quitt\u00e9 le territoire et \u00e0 la premi\u00e8re minute du 27 f\u00e9vrier 1976, le Peuple sahraoui proclame solennellement, \u00e0 partir de son pays, sa R\u00e9publique Arabe Sahraouie D\u00e9mocratique, libre, ind\u00e9pendante et souveraine, cons\u00e9quence naturelle d\u2019un combat s\u00e9culaire et expression d\u2019une volont\u00e9 populaire de vouloir vivre librement et dignement dans le cadre d\u2019un Etat moderne, ind\u00e9pendant, aux fronti\u00e8res d\u00e9finies, reconnues et incontest\u00e9es.<\/p>\n<p data-originalfontsize=\"10px\" data-originalcomputedfontsize=\"10\">Le Peuple sahraoui, en proclamant sa R\u00e9publique, ne voulait pas laisser s\u2019installer le vide juridique que la puissance coloniale entendait laisser afin de faciliter la t\u00e2che aux nouveaux occupants.\u00a0<span data-removefontsize=\"true\" data-originalcomputedfontsize=\"10\">Le peuple sahraoui qui a farouchement combattu la pr\u00e9sence coloniale tout au long de cette longue et sombre p\u00e9riode, n\u2019entendait pas se laisser d\u00e9poss\u00e9der de son pays par une nouvelle puissance toute aussi colonialiste que la pr\u00e9c\u00e9dente.<\/span><\/p>\n<p data-originalfontsize=\"10px\" data-originalcomputedfontsize=\"10\">La suite de cette invasion militaire est tragique et pas seulement pour le Sahara occidental. Celui-ci n\u2019\u00e9tant pas le Koweit, encore moins Danzig, a \u00e9t\u00e9 laiss\u00e9 \u00e0 son sort face \u00e0 ses nouveaux envahisseurs par une Communaut\u00e9 internationale qui feignait regarder ailleurs et, semblant ruser avec ses principes, s\u2019est r\u00e9v\u00e9l\u00e9e finalement incapable d\u2019organiser un r\u00e9f\u00e9rendum d\u2019autod\u00e9termination, quand bien m\u00eame l\u2019Histoire lui\u00a0\u00a0en a donn\u00e9 la possibilit\u00e9 29 ans durant.<\/p>\n<p data-originalfontsize=\"10px\" data-originalcomputedfontsize=\"10\">Mais la RASD n\u2019a \u00e9t\u00e9 ni vaincue, ni agenouill\u00e9e, ni soumise. Elle a men\u00e9e sa r\u00e9sistance avec une t\u00e9nacit\u00e9 l\u00e9gendaire et une volont\u00e9 populaire sans limite, lib\u00e9rant m\u00eame de nombreuses parties de son territoire durant la premi\u00e8re guerre de lib\u00e9ration, bien que l\u2019ennemi disposait de moyens consid\u00e9rables et du soutien de pays puissants et influents sur la sc\u00e8ne internationale.<\/p>\n<p data-originalfontsize=\"10px\" data-originalcomputedfontsize=\"10\">La RASD est fi\u00e8re d\u2019avoir \u00e9t\u00e9 soutenue par de nombreux Etats et instances qui ne voulaient plus voir revenir les temps les plus sombres de l\u2019Histoire de l\u2019Humanit\u00e9 et put compter sur de nombreux soutiens et alli\u00e9s.<\/p>\n<p data-originalfontsize=\"10px\" data-originalcomputedfontsize=\"10\">Elle a ainsi \u00e9t\u00e9 reconnue par plus de 80 Etats y compris par ses voisins imm\u00e9diats: l\u2019Alg\u00e9rie et la Mauritanie ainsi que par l\u2019organisation continentale, l\u2019OUA et par son successeur l\u2019UA dont elle est membre fondateur. Quand \u00e0 l\u2019ONU, elle refuse toujours de reconna\u00eetre au Maroc la souverainet\u00e9 sur le Territoire de la RASD qui le consid\u00e8re encore comme Territoire Non Autonome, devant acc\u00e9der \u00e0 l\u2019autod\u00e9termination conform\u00e9ment \u00e0 sa Charte et \u00e0 ses r\u00e9solutions, notamment la r\u00e9solution 15\/14.<\/p>\n<p data-originalfontsize=\"10px\" data-originalcomputedfontsize=\"10\">Parall\u00e8lement au combat arm\u00e9 de lib\u00e9ration national, la RASD s\u2019est mise \u00e0 \u00e9difier des institutions \u00e0 m\u00eame de sortir la soci\u00e9t\u00e9 sahraouie des archa\u00efsmes in\u00e9galitaires des anciennes \u00e9poques, bannissant le tribalisme, les castes et autres in\u00e9galit\u00e9s sociales inh\u00e9rentes \u00e0 une soci\u00e9t\u00e9 traditionnelle pr\u00e9-coloniale, vivement encourag\u00e9es par le syst\u00e8me colonial dans le but de \u00ab\u00a0diviser pour r\u00e9gner\u00a0\u00bb.<\/p>\n<p data-originalfontsize=\"10px\" data-originalcomputedfontsize=\"10\">Politiquement, la RASD est une R\u00e9publique d\u00e9mocratique moderne fond\u00e9e sur la base des trois pouvoirs s\u00e9par\u00e9s. Elle s\u2019est dot\u00e9e d\u00e8s sa naissance d\u2019une constitution moderne d\u2019un ex\u00e9cutif dirig\u00e9 par un Pr\u00e9sident d\u00e9mocratiquement \u00e9lu chaque 4 ans, d\u2019un gouvernement dirig\u00e9 par un Premier ministre d\u00e9sign\u00e9 par le Pr\u00e9sident de la R\u00e9publique, d\u2019un Conseil National l\u00e9gislatif issu des \u00e9lections populaires et d\u2019un pouvoir judiciaire organis\u00e9 par le minist\u00e8re de la justice ayant des tribunaux dans les diff\u00e9rentes structures administratives de la RASD.<\/p>\n<p data-originalfontsize=\"10px\" data-originalcomputedfontsize=\"10\">Administrativement, La RASD s\u2019est rapidement dot\u00e9e d\u2019un syst\u00e8me administratif efficace en organisant son territoire et sa population en Wilayas (Pr\u00e9fectures), Da\u00efras (Municipalit\u00e9s) et Baladyas (Quartiers), g\u00e9r\u00e9es par des assembl\u00e9es \u00e9lues, soutenues par des instances d\u00e9sign\u00e9es, repr\u00e9sentatives de l\u2019Etat.<\/p>\n<p data-originalfontsize=\"10px\" data-originalcomputedfontsize=\"10\"><span data-removefontsize=\"true\" data-originalcomputedfontsize=\"10\">Sur le plan de l\u2019\u00e9ducation, de nombreuses campagnes d\u2019alphab\u00e9tisation ont \u00e9t\u00e9 men\u00e9es parmi les adultes que le syst\u00e8me colonial avait sciemment mis dans l\u2019ignorance pour les rendre dociles et soumis.\u00a0 L\u2019instruction est rendue obligatoire pour tous les enfants.\u00a0\u00a0<\/span>En b\u00e2tissants des \u00e9coles gratuites et obligatoires pour tous, la RASD a fait largement reculer l\u2019analphab\u00e9tisme et permis \u00e0 la majorit\u00e9 de ces citoyens une instruction de qualit\u00e9 faisant de l\u2019\u00e9cole un lieu de la consolidation d\u2019une nation menac\u00e9e dans son existence par\u00a0\u00a0la guerre que lui livrent ses envahisseurs.<\/p>\n<p data-originalfontsize=\"10px\" data-originalcomputedfontsize=\"10\">L\u2019effort consenti dans ce domaine rel\u00e8ve du miracle et l\u2019on peut dire aujourd\u2019hui que le peuple sahraoui que l\u2019on voulait voir ignorant, divis\u00e9, nomade et sans terre est aujourd\u2019hui largement instruit, maniant dans sa grande majorit\u00e9 aussi bien la langue arabe que l\u2019espagnol.<\/p>\n<p data-originalfontsize=\"10px\" data-originalcomputedfontsize=\"10\">Sur le plan sanitaire, la RASD a construit un syst\u00e8me fond\u00e9 sur la sant\u00e9 pr\u00e9ventive en mettant en place des dispensaires dans les diff\u00e9rentes Da\u00efra et un h\u00f4pital au niveau de chaque wilaya. La sant\u00e9 est gratuite dans les centres publics. Le Programme de prise en charge de la m\u00e8re et de l\u2019enfant ainsi que le programme de vaccination ont d\u00e9montr\u00e9 la capacit\u00e9 de la RASD dans ce secteur, de m\u00eame que sa gestion honorable durant la\u00a0 r\u00e9cente crise sanitaire de la COVID19.<\/p>\n<p data-originalfontsize=\"10px\" data-originalcomputedfontsize=\"10\">Bien que la t\u00e2che fondamentale de la RASD est de lib\u00e9rer le reste de ses territoires occup\u00e9s, elle s\u2019est trouv\u00e9s ses derni\u00e8res ann\u00e9es confront\u00e9e au ph\u00e9nom\u00e8ne du narco-terrorisme. Les drogues marocaines passant par la partie occup\u00e9e de la RASD, traversent le mur militaire \u00e9rig\u00e9 par le Maroc, sous les regards complices de ses militaires pour finir aux mains des groupes terroristes qui s\u00e9vissent dans la r\u00e9gion du Sahel et qui se servent de ces produits narcotiques comme moyen de financement de leurs activit\u00e9s criminelles. De grandes quantit\u00e9s ont souvent \u00e9t\u00e9 saisies et exhib\u00e9es par les forces de s\u00e9curit\u00e9 sahraouies. En faisant face aux circuits narco-terroristes, la RASD d\u00e9montre sa capacit\u00e9 et sa volont\u00e9 \u00e0 agir en toute responsabilit\u00e9 conform\u00e9ment aux engagements que lui impose son statut d\u2019Etat responsable, soucieux de sa s\u00e9curit\u00e9 nationale et de la s\u00e9curit\u00e9 r\u00e9gionale et internationale.<\/p>\n<p data-originalfontsize=\"10px\" data-originalcomputedfontsize=\"10\">Diplomatiquement, la RASD poss\u00e8dent de nombreuses ambassades dans les pays qui la reconnaissent, compl\u00e9t\u00e9es par un r\u00e9seau de Repr\u00e9sentations du Front POLISARIO, install\u00e9es dans de nombreux pays qui n\u2019ont, malheureusement pas encore reconnu la RASD mais qui n\u2019ont pas d\u00e9cid\u00e9, non plus, de commettre l\u2019infamie en reconnaissant un fait accompli colonial aussi abject que brutal, ayant de surcro\u00eet l\u2019allure d\u2019une v\u00e9ritable \u00ab\u00a0piraterie\u00a0\u00bb internationale.<\/p>\n<p data-originalfontsize=\"10px\" data-originalcomputedfontsize=\"10\">Aujourd\u2019hui, La RASD est un membre fondateur et respect\u00e9 de l\u2019Union Africaine et participe activement \u00e0 sa consolidation. Elle agit pour que l\u2019UA puisse jouer un r\u00f4le fondamental dans le r\u00e8glement du conflit qui l\u2019oppose au Maroc, un autre membre de cette m\u00eame organisation continentale, et consid\u00e8re que l\u2019Union Africaine a la pleine l\u00e9gitimit\u00e9 d\u2019agir dans ce sens surtout que l\u2019ONU s\u2019est montr\u00e9e incapable d\u2019organiser ce r\u00e9f\u00e9rendum d\u2019autod\u00e9termination, tant promis mais jamais organis\u00e9 et incapable d\u2019emp\u00eacher la reprise des hostilit\u00e9s militaires, surevenues le 13 novembre 2020, apr\u00e8s avoir laiss\u00e9 le Maroc violer gravement les accords du cessez-le-feu et longtemps pervertir le processus de paix.<\/p>\n<p data-originalfontsize=\"10px\" data-originalcomputedfontsize=\"10\">De part ses statuts, son histoire et le pass\u00e9 de ses pays, l\u2019UA ne pourra pas laisser un pays membre continuer de se livrer au jeu sordide d\u2019un\u00a0colonialisme \u00e9cul\u00e9, au d\u00e9triment d\u2019un autre pays membre et au d\u00e9triment de tout un continent.<\/p>\n<p data-originalfontsize=\"10px\" data-originalcomputedfontsize=\"10\">Quand \u00e0 l\u2019ONU, elle doit \u00eatre \u00e0 la hauteur des ses principes fondateurs, de ses engagements solennellement proclam\u00e9es pour en finir avec le colonialisme. Elle doit aider sans tarder et en toute honn\u00eatet\u00e9 \u00e0 parachever la d\u00e9colonisation du Sahara occidental.<\/p>\n<p><span data-removefontsize=\"true\" data-originalcomputedfontsize=\"10\">En ce qui la concerne, la RASD ne trahira pas le sermon de ses martyrs et reste d\u00e9termin\u00e9e, plus que jamais, \u00e0 r\u00e9aliser la promesse faite \u00e0 son Peuple de le lib\u00e9rer du joug colonial et parachever sa souverainet\u00e9 sur l\u2019int\u00e9gralit\u00e9 de son pays, par la voie pacifique ou par la voie de la l\u00e9gitime d\u00e9fense.<\/span><\/p>\n<p class=\"c6\"><span class=\"c5\"><em><strong data-removefontsize=\"true\" data-originalcomputedfontsize=\"10\"><span data-originalfontsize=\"12.8px\" data-originalcomputedfontsize=\"12.800000190734863\">Par: El Kenti Balla<br \/><\/span><\/strong><\/em><\/span> <span class=\"c5\"><em>Militant sahraoui, e<\/em><\/span><span class=\"c5\"><em>x-disparu de Kalaat M\u2019gouna.<\/em><\/span><\/p>\n<p><span class=\"post-views-label\">Post Views:<\/span> <span class=\"post-views-count\">44<\/span><\/p>\n<p><br class=\"c2\"\/><\/p>\n<div class=\"ichhar-moneytagnative c7\" id=\"ichhar-1826870026\">\n<p>Advertisements<\/p>\n<\/div>\n<p><br class=\"c2\"\/><br \/>\n<br class=\"c8\"\/><\/p>\n<p>Auteur: Mohand Yahiaoui<br \/>\n<a href=\"https:\/\/www.elwatan.com\/edition\/contributions\/la-rasd-un-combat-seculaire-une-volonte-populaire-pour-une-defaite-ineluctable-du-colonialisme-03-03-2021\">Cliquez ici pour lire l&rsquo;article depuis sa source.<\/a><\/p>\n","protected":false},"excerpt":{"rendered":"<p>Il est une v\u00e9rit\u00e9 incontest\u00e9e que le colonialisme et l\u2019accaparement par la force des territoires d\u2019autrui est un crime et une honte qui reste grav\u00e9e sur le front de l\u2019Humanit\u00e9. Si bien qu\u2019aujourd\u2019hui le fait qu\u2019un Etat, quel qu\u2019il soit, d\u00e9cide d\u2019aller au del\u00e0 de ses fronti\u00e8res afin d\u2019agrandir son territoire national est consid\u00e9r\u00e9 comme [&hellip;]<\/p>\n","protected":false},"author":1743,"featured_media":0,"comment_status":"closed","ping_status":"closed","sticky":false,"template":"","format":"standard","meta":{"fifu_image_url":"","fifu_image_alt":"","footnotes":""},"categories":[73,53],"tags":[],"class_list":["post-112397","post","type-post","status-publish","format-standard","hentry","category-actualite","category-algerie"],"_links":{"self":[{"href":"https:\/\/linitiative.ca\/International\/wp-json\/wp\/v2\/posts\/112397","targetHints":{"allow":["GET"]}}],"collection":[{"href":"https:\/\/linitiative.ca\/International\/wp-json\/wp\/v2\/posts"}],"about":[{"href":"https:\/\/linitiative.ca\/International\/wp-json\/wp\/v2\/types\/post"}],"author":[{"embeddable":true,"href":"https:\/\/linitiative.ca\/International\/wp-json\/wp\/v2\/users\/1743"}],"replies":[{"embeddable":true,"href":"https:\/\/linitiative.ca\/International\/wp-json\/wp\/v2\/comments?post=112397"}],"version-history":[{"count":0,"href":"https:\/\/linitiative.ca\/International\/wp-json\/wp\/v2\/posts\/112397\/revisions"}],"wp:attachment":[{"href":"https:\/\/linitiative.ca\/International\/wp-json\/wp\/v2\/media?parent=112397"}],"wp:term":[{"taxonomy":"category","embeddable":true,"href":"https:\/\/linitiative.ca\/International\/wp-json\/wp\/v2\/categories?post=112397"},{"taxonomy":"post_tag","embeddable":true,"href":"https:\/\/linitiative.ca\/International\/wp-json\/wp\/v2\/tags?post=112397"}],"curies":[{"name":"wp","href":"https:\/\/api.w.org\/{rel}","templated":true}]}}