{"id":112400,"date":"2021-03-03T05:26:00","date_gmt":"2021-03-03T10:26:00","guid":{"rendered":"https:\/\/linitiative.ca\/International\/epson-signe-un-partenariat-avec-myq-pour-ameliorer-la-gestion-de-linfrastructure\/"},"modified":"2021-03-03T05:26:00","modified_gmt":"2021-03-03T10:26:00","slug":"epson-signe-un-partenariat-avec-myq-pour-ameliorer-la-gestion-de-linfrastructure","status":"publish","type":"post","link":"https:\/\/linitiative.ca\/International\/epson-signe-un-partenariat-avec-myq-pour-ameliorer-la-gestion-de-linfrastructure\/","title":{"rendered":"Epson signe un partenariat avec MyQ pour am\u00e9liorer la gestion de l\u2019infrastructure"},"content":{"rendered":"<p>Un accord mondial pr\u00e9voit de positionner sur la m\u00eame ligne les mat\u00e9riels d\u2019impression multifonction et les syst\u00e8mes logiciels de gestion afin de simplifier l\u2019utilisation et d\u2019am\u00e9liorer l\u2019efficacit\u00e9.<\/p>\n<p>Epson a conclu un partenariat mondial avec MyQ, un leader en mati\u00e8re de solutions d\u2019int\u00e9gration de syst\u00e8mes et de gestion d\u2019impression s\u00e9curis\u00e9e. Le partenariat permet d\u2019associer les principales fonctionnalit\u00e9s d\u2019int\u00e9gration et de gestion des flux de travaux de MyQ aux imprimantes jet d\u2019encre professionnelles multifonctions Epson et aux nombreux avantages qu\u2019offre cette technologie, notamment dans le but d\u2019am\u00e9liorer l\u2019efficacit\u00e9 et la productivit\u00e9 et de contribuer \u00e0 la r\u00e9duction des co\u00fbts et \u00e0 la pr\u00e9servation de l\u2019environnement.<\/p>\n<p>Cette transition permettra de faciliter l\u2019int\u00e9gration d\u2019un parc mixte ainsi que la gestion des syst\u00e8mes pour les utilisateurs finaux, tout en renfor\u00e7ant le contr\u00f4le des produits ainsi que la s\u00e9curit\u00e9 et en r\u00e9duisant les co\u00fbts. Darren Phelps, vice-pr\u00e9sident d\u2019Epson Europe, a d\u00e9clar\u00e9 : \u00ab De nombreuses entreprises cherchent \u00e0 adopter de nouveaux processus et \u00e0 s\u2019adapter \u00e0 de nouvelles m\u00e9thodes de travail, avec une s\u00e9curit\u00e9 renforc\u00e9e et de meilleurs flux de travaux capables de r\u00e9duire les pressions ressenties suite \u00e0 des configurations de plus en plus distantes. Beaucoup d\u2019autres cherchent \u00e0 rationaliser les processus et \u00e0 r\u00e9duire les co\u00fbts. Ce partenariat contribuera \u00e0 soutenir ces ambitions, tout en renfor\u00e7ant la s\u00e9curit\u00e9, en r\u00e9duisant les co\u00fbts et en stimulant la productivit\u00e9, pour plus d\u2019efficacit\u00e9. \u00bb Martin Janus, PDG de MyQ, a d\u00e9clar\u00e9 : \u00ab Nous avons toujours eu pour ambition d\u2019aider les clients \u00e0 naviguer dans ce contexte informatique en constante \u00e9volution et de trouver, parmi toutes les solutions disponibles, celle qui leur convient le mieux. Nous cherchons avant tout \u00e0 offrir une efficacit\u00e9 maximale et une excellente exp\u00e9rience utilisateur. Le partenariat entre Epson et MyQ allie un mat\u00e9riel et des logiciels de pointe sur le march\u00e9 pour offrir aux utilisateurs finaux une solution facile \u00e0 int\u00e9grer et \u00e0 g\u00e9rer. \u00bb<\/p>\n<p><span class=\"c2\"><strong>\u00c0 propos de MyQ Solution<\/strong><\/span><\/p>\n<p>MyQ Solution est un logiciel de gestion des impressions haut de gamme dot\u00e9 de fonctions permettant d\u2019offrir des impressions s\u00e9curis\u00e9es, accessibles et \u00e9conomiques. Son interface utilisateur offre des possibilit\u00e9s de personnalisation, permettant aux utilisateurs de gagner du temps gr\u00e2ce \u00e0 des fonctions simples en un clic. Les puissantes fonctions OCR am\u00e9liorent l\u2019exp\u00e9rience utilisateur gr\u00e2ce \u00e0 un flux de documents exceptionnel, faisant alors de MyQ une solution id\u00e9ale pour la transformation num\u00e9rique dans les entreprises, quelle que soit leur taille.<\/p>\n<p>Auteur:<br \/>\n<a href=\"https:\/\/www.leaders.com.tn\/article\/31520-epson-signe-un-partenariat-avec-myq-pour-ameliorer-la-gestion-de-l-infrastructure\">Cliquez ici pour lire l&rsquo;article depuis sa source.<\/a><\/p>\n","protected":false},"excerpt":{"rendered":"<p>Un accord mondial pr\u00e9voit de positionner sur la m\u00eame ligne les mat\u00e9riels d\u2019impression multifonction et les syst\u00e8mes logiciels de gestion afin de simplifier l\u2019utilisation et d\u2019am\u00e9liorer l\u2019efficacit\u00e9. Epson a conclu un partenariat mondial avec MyQ, un leader en mati\u00e8re de solutions d\u2019int\u00e9gration de syst\u00e8mes et de gestion d\u2019impression s\u00e9curis\u00e9e. Le partenariat permet d\u2019associer les principales [&hellip;]<\/p>\n","protected":false},"author":1772,"featured_media":0,"comment_status":"closed","ping_status":"closed","sticky":false,"template":"","format":"standard","meta":{"fifu_image_url":"","fifu_image_alt":"","footnotes":""},"categories":[73,55],"tags":[],"class_list":["post-112400","post","type-post","status-publish","format-standard","hentry","category-actualite","category-tunisie"],"_links":{"self":[{"href":"https:\/\/linitiative.ca\/International\/wp-json\/wp\/v2\/posts\/112400","targetHints":{"allow":["GET"]}}],"collection":[{"href":"https:\/\/linitiative.ca\/International\/wp-json\/wp\/v2\/posts"}],"about":[{"href":"https:\/\/linitiative.ca\/International\/wp-json\/wp\/v2\/types\/post"}],"author":[{"embeddable":true,"href":"https:\/\/linitiative.ca\/International\/wp-json\/wp\/v2\/users\/1772"}],"replies":[{"embeddable":true,"href":"https:\/\/linitiative.ca\/International\/wp-json\/wp\/v2\/comments?post=112400"}],"version-history":[{"count":0,"href":"https:\/\/linitiative.ca\/International\/wp-json\/wp\/v2\/posts\/112400\/revisions"}],"wp:attachment":[{"href":"https:\/\/linitiative.ca\/International\/wp-json\/wp\/v2\/media?parent=112400"}],"wp:term":[{"taxonomy":"category","embeddable":true,"href":"https:\/\/linitiative.ca\/International\/wp-json\/wp\/v2\/categories?post=112400"},{"taxonomy":"post_tag","embeddable":true,"href":"https:\/\/linitiative.ca\/International\/wp-json\/wp\/v2\/tags?post=112400"}],"curies":[{"name":"wp","href":"https:\/\/api.w.org\/{rel}","templated":true}]}}