{"id":112405,"date":"2021-03-03T05:00:00","date_gmt":"2021-03-03T10:00:00","guid":{"rendered":"https:\/\/linitiative.ca\/International\/une-singuliere-zone-dombre\/"},"modified":"2021-03-03T05:00:00","modified_gmt":"2021-03-03T10:00:00","slug":"une-singuliere-zone-dombre","status":"publish","type":"post","link":"https:\/\/linitiative.ca\/International\/une-singuliere-zone-dombre\/","title":{"rendered":"Une singuli\u00e8re \u00abzone d\u2019ombre\u00bb"},"content":{"rendered":"<p class=\"c3\">Il est un sujet qui, de fa\u00e7on tr\u00e8s singuli\u00e8re, est en train de susciter une pr\u00e9occupation majeure \u00e0 Tizi-Ouzou. Il devient, en effet, probl\u00e9matique pour de nombreux Tizi-Ouz\u00e9ens de trouver une place o\u00f9\u2026 enterrer leurs morts, tellement le cimeti\u00e8re de M\u2019douha est arriv\u00e9 \u00e0 saturation depuis un certain temps d\u00e9j\u00e0.\u00a0<br \/>Une pr\u00e9occupation de premier ordre qui ne semble pas avoir attendri les autorit\u00e9s locales, du moins pas aussi promptement que souhait\u00e9. En tous les cas, par les temps qui courent, plus d\u2019un \u00e0 Tizi consid\u00e8re le cimeti\u00e8re de la ville comme une v\u00e9ritable \u00abzone d\u2019ombre\u00bb.<\/p>\n<p>Auteur:<br \/>\n<a href=\"https:\/\/www.lesoirdalgerie.com\/periscoop\/une-singuliere-zone-dombre-57252\">Cliquez ici pour lire l&rsquo;article depuis sa source.<\/a><\/p>\n","protected":false},"excerpt":{"rendered":"<p>Il est un sujet qui, de fa\u00e7on tr\u00e8s singuli\u00e8re, est en train de susciter une pr\u00e9occupation majeure \u00e0 Tizi-Ouzou. Il devient, en effet, probl\u00e9matique pour de nombreux Tizi-Ouz\u00e9ens de trouver une place o\u00f9\u2026 enterrer leurs morts, tellement le cimeti\u00e8re de M\u2019douha est arriv\u00e9 \u00e0 saturation depuis un certain temps d\u00e9j\u00e0.\u00a0Une pr\u00e9occupation de premier ordre qui [&hellip;]<\/p>\n","protected":false},"author":1741,"featured_media":0,"comment_status":"closed","ping_status":"closed","sticky":false,"template":"","format":"standard","meta":{"fifu_image_url":"","fifu_image_alt":"","footnotes":""},"categories":[73,53],"tags":[],"class_list":["post-112405","post","type-post","status-publish","format-standard","hentry","category-actualite","category-algerie"],"_links":{"self":[{"href":"https:\/\/linitiative.ca\/International\/wp-json\/wp\/v2\/posts\/112405","targetHints":{"allow":["GET"]}}],"collection":[{"href":"https:\/\/linitiative.ca\/International\/wp-json\/wp\/v2\/posts"}],"about":[{"href":"https:\/\/linitiative.ca\/International\/wp-json\/wp\/v2\/types\/post"}],"author":[{"embeddable":true,"href":"https:\/\/linitiative.ca\/International\/wp-json\/wp\/v2\/users\/1741"}],"replies":[{"embeddable":true,"href":"https:\/\/linitiative.ca\/International\/wp-json\/wp\/v2\/comments?post=112405"}],"version-history":[{"count":0,"href":"https:\/\/linitiative.ca\/International\/wp-json\/wp\/v2\/posts\/112405\/revisions"}],"wp:attachment":[{"href":"https:\/\/linitiative.ca\/International\/wp-json\/wp\/v2\/media?parent=112405"}],"wp:term":[{"taxonomy":"category","embeddable":true,"href":"https:\/\/linitiative.ca\/International\/wp-json\/wp\/v2\/categories?post=112405"},{"taxonomy":"post_tag","embeddable":true,"href":"https:\/\/linitiative.ca\/International\/wp-json\/wp\/v2\/tags?post=112405"}],"curies":[{"name":"wp","href":"https:\/\/api.w.org\/{rel}","templated":true}]}}