{"id":112406,"date":"2021-03-03T05:00:00","date_gmt":"2021-03-03T10:00:00","guid":{"rendered":"https:\/\/linitiative.ca\/International\/interet-particulier\/"},"modified":"2021-03-03T05:00:00","modified_gmt":"2021-03-03T10:00:00","slug":"interet-particulier","status":"publish","type":"post","link":"https:\/\/linitiative.ca\/International\/interet-particulier\/","title":{"rendered":"Int\u00e9r\u00eat  particulier"},"content":{"rendered":"<p class=\"c3\">Le minist\u00e8re de l&rsquo;\u00c9ducation nationale accorde une importance toute particuli\u00e8re aux \u00e9l\u00e8ves ayant acc\u00e9d\u00e9 au palier sup\u00e9rieur avec une moyenne inf\u00e9rieure \u00e0 dix. Une disposition sp\u00e9ciale prise pour cause de pand\u00e9mie. Ces \u00e9l\u00e8ves font l&rsquo;objet d&rsquo;un suivi de la part des conseillers de l&rsquo;\u00e9ducation. Le d\u00e9partement de Ouadjaout a, en effet, demand\u00e9 des rapports d\u00e9taill\u00e9s sur les r\u00e9sultats obtenus par ces \u00e9l\u00e8ves au cours du premier trimestre.<\/p>\n<p>Auteur:<br \/>\n<a href=\"https:\/\/www.lesoirdalgerie.com\/periscoop\/interet-particulier-57251\">Cliquez ici pour lire l&rsquo;article depuis sa source.<\/a><\/p>\n","protected":false},"excerpt":{"rendered":"<p>Le minist\u00e8re de l&rsquo;\u00c9ducation nationale accorde une importance toute particuli\u00e8re aux \u00e9l\u00e8ves ayant acc\u00e9d\u00e9 au palier sup\u00e9rieur avec une moyenne inf\u00e9rieure \u00e0 dix. Une disposition sp\u00e9ciale prise pour cause de pand\u00e9mie. Ces \u00e9l\u00e8ves font l&rsquo;objet d&rsquo;un suivi de la part des conseillers de l&rsquo;\u00e9ducation. Le d\u00e9partement de Ouadjaout a, en effet, demand\u00e9 des rapports d\u00e9taill\u00e9s [&hellip;]<\/p>\n","protected":false},"author":1741,"featured_media":0,"comment_status":"closed","ping_status":"closed","sticky":false,"template":"","format":"standard","meta":{"fifu_image_url":"","fifu_image_alt":"","footnotes":""},"categories":[73,53],"tags":[],"class_list":["post-112406","post","type-post","status-publish","format-standard","hentry","category-actualite","category-algerie"],"_links":{"self":[{"href":"https:\/\/linitiative.ca\/International\/wp-json\/wp\/v2\/posts\/112406","targetHints":{"allow":["GET"]}}],"collection":[{"href":"https:\/\/linitiative.ca\/International\/wp-json\/wp\/v2\/posts"}],"about":[{"href":"https:\/\/linitiative.ca\/International\/wp-json\/wp\/v2\/types\/post"}],"author":[{"embeddable":true,"href":"https:\/\/linitiative.ca\/International\/wp-json\/wp\/v2\/users\/1741"}],"replies":[{"embeddable":true,"href":"https:\/\/linitiative.ca\/International\/wp-json\/wp\/v2\/comments?post=112406"}],"version-history":[{"count":0,"href":"https:\/\/linitiative.ca\/International\/wp-json\/wp\/v2\/posts\/112406\/revisions"}],"wp:attachment":[{"href":"https:\/\/linitiative.ca\/International\/wp-json\/wp\/v2\/media?parent=112406"}],"wp:term":[{"taxonomy":"category","embeddable":true,"href":"https:\/\/linitiative.ca\/International\/wp-json\/wp\/v2\/categories?post=112406"},{"taxonomy":"post_tag","embeddable":true,"href":"https:\/\/linitiative.ca\/International\/wp-json\/wp\/v2\/tags?post=112406"}],"curies":[{"name":"wp","href":"https:\/\/api.w.org\/{rel}","templated":true}]}}