{"id":112408,"date":"2021-03-03T06:35:00","date_gmt":"2021-03-03T11:35:00","guid":{"rendered":"https:\/\/linitiative.ca\/International\/replay-lemission-ach-waqe3-du-mercredi-3-mars-2021\/"},"modified":"2021-03-03T06:35:00","modified_gmt":"2021-03-03T11:35:00","slug":"replay-lemission-ach-waqe3-du-mercredi-3-mars-2021","status":"publish","type":"post","link":"https:\/\/linitiative.ca\/International\/replay-lemission-ach-waqe3-du-mercredi-3-mars-2021\/","title":{"rendered":"Replay. L\u2019\u00e9mission \u00ab Ach Waqe3 \u00bb du mercredi 3 mars 2021"},"content":{"rendered":"<div id=\"container\">\n<p><iframe loading=\"lazy\" src=\"https:\/\/www.facebook.com\/plugins\/video.php?height=314&amp;href=https%3A%2F%2Fwww.facebook.com%2FRADIOMFM.Officiel%2Fvideos%2F484780372535831%2F&amp;show_text=false&amp;width=560\" width=\"560\" height=\"314\" class=\"c11\" scrolling=\"no\" frameborder=\"0\" allowfullscreen=\"true\" allow=\"autoplay; clipboard-write; encrypted-media; picture-in-picture; web-share\">[embedded content]<\/iframe><br \/><strong>Retrouvez \u00abAch Waq3\u00bb de 12h30 \u00e0 13h15 en direct sur Radio MFM et en live sur Facebook Radio MFM officiel et mfmradio.ma<\/strong><\/p>\n<div class=\"c12\">\n<\/div>\n<p><strong>Anim\u00e9 par Maelainine Inani, \u00abAch Waq3\u00bb revient plus en d\u00e9tail sur l\u2019actualit\u00e9 du jour d\u00e9crypt\u00e9e par le journaliste politique et \u00e9conomique Jamal Berraoui.<\/strong><\/p>\n<\/div>\n<p>Auteur: challenge<br \/>\n<a href=\"https:\/\/www.challenge.ma\/suivez-le-live-de-lemission-ach-waq3-de-mfm-radio-140-176747\/\">Cliquez ici pour lire l&rsquo;article depuis sa source.<\/a><\/p>\n","protected":false},"excerpt":{"rendered":"<p>[embedded content]Retrouvez \u00abAch Waq3\u00bb de 12h30 \u00e0 13h15 en direct sur Radio MFM et en live sur Facebook Radio MFM officiel et mfmradio.ma Anim\u00e9 par Maelainine Inani, \u00abAch Waq3\u00bb revient plus en d\u00e9tail sur l\u2019actualit\u00e9 du jour d\u00e9crypt\u00e9e par le journaliste politique et \u00e9conomique Jamal Berraoui. Auteur: challenge Cliquez ici pour lire l&rsquo;article depuis sa [&hellip;]<\/p>\n","protected":false},"author":1787,"featured_media":0,"comment_status":"closed","ping_status":"closed","sticky":false,"template":"","format":"standard","meta":{"fifu_image_url":"","fifu_image_alt":"","footnotes":""},"categories":[78,54],"tags":[],"class_list":["post-112408","post","type-post","status-publish","format-standard","hentry","category-economie","category-maroc"],"_links":{"self":[{"href":"https:\/\/linitiative.ca\/International\/wp-json\/wp\/v2\/posts\/112408","targetHints":{"allow":["GET"]}}],"collection":[{"href":"https:\/\/linitiative.ca\/International\/wp-json\/wp\/v2\/posts"}],"about":[{"href":"https:\/\/linitiative.ca\/International\/wp-json\/wp\/v2\/types\/post"}],"author":[{"embeddable":true,"href":"https:\/\/linitiative.ca\/International\/wp-json\/wp\/v2\/users\/1787"}],"replies":[{"embeddable":true,"href":"https:\/\/linitiative.ca\/International\/wp-json\/wp\/v2\/comments?post=112408"}],"version-history":[{"count":0,"href":"https:\/\/linitiative.ca\/International\/wp-json\/wp\/v2\/posts\/112408\/revisions"}],"wp:attachment":[{"href":"https:\/\/linitiative.ca\/International\/wp-json\/wp\/v2\/media?parent=112408"}],"wp:term":[{"taxonomy":"category","embeddable":true,"href":"https:\/\/linitiative.ca\/International\/wp-json\/wp\/v2\/categories?post=112408"},{"taxonomy":"post_tag","embeddable":true,"href":"https:\/\/linitiative.ca\/International\/wp-json\/wp\/v2\/tags?post=112408"}],"curies":[{"name":"wp","href":"https:\/\/api.w.org\/{rel}","templated":true}]}}