{"id":112409,"date":"2021-03-03T10:47:35","date_gmt":"2021-03-03T15:47:35","guid":{"rendered":"https:\/\/linitiative.ca\/International\/le-pps-exhorte-le-gouvernement-a-proteger-le-pouvoir-dachat\/"},"modified":"2021-03-03T10:47:35","modified_gmt":"2021-03-03T15:47:35","slug":"le-pps-exhorte-le-gouvernement-a-proteger-le-pouvoir-dachat","status":"publish","type":"post","link":"https:\/\/linitiative.ca\/International\/le-pps-exhorte-le-gouvernement-a-proteger-le-pouvoir-dachat\/","title":{"rendered":"Le PPS exhorte le gouvernement \u00e0 prot\u00e9ger le pouvoir d\u2019achat"},"content":{"rendered":"<p><strong>Le Bureau politique (BP) du Parti du Progr\u00e8s et du Socialisme (PPS) a tenu sa r\u00e9union hebdomadaire le mardi 23 F\u00e9vrier 2021<\/strong>.<\/p>\n<div class=\"c10\">\n<\/div>\n<p>Au d\u00e9but de ses travaux, le bureau s\u2019est arr\u00eat\u00e9 sur l\u2019augmentation qu\u2019ont connue les prix des huiles v\u00e9g\u00e9tales, grevant ainsi, encore en plus, le pouvoir d\u2019achat des citoyens. Le BP attire l\u2019attention sur le fait que ces huiles font partie des produits de consommation de premi\u00e8re n\u00e9cessit\u00e9 des marocains. Ceci impose, selon lui, l\u2019intervention du gouvernement pour trouver les formules ad\u00e9quates, \u00e0 travers le dialogue avec les producteurs, afin de r\u00e9guler et contr\u00f4ler ces prix et de pr\u00e9server leur stabilit\u00e9 de mani\u00e8re \u00e0 tenir compte de la d\u00e9t\u00e9rioration des conditions sociales des familles et des couches marocaines d\u00e9munies. D\u2019autant plus que ces augmentations interviennent dans une situation exceptionnelle marqu\u00e9e par la crise \u00e9conomique et sociale issue de la pand\u00e9mie du Covid-19, avec ses r\u00e9percussions n\u00e9fastes sur le pouvoir d\u2019achat des citoyens, la perte importante de postes d\u2019emploi et la baisse drastique du revenu des individus et des familles. Le bureau a profit\u00e9 de l\u2019occasion pour alerter sur l\u2019augmentation importante qu\u2019ont connue, r\u00e9cemment, les prix de plusieurs autres produits de large consommation. Ceci requiert du gouvernement d\u2019assumer sa responsabilit\u00e9 \u00e0 travers la mise en \u0153uvre de tous les m\u00e9canismes disponibles pour rationaliser et r\u00e9guler la libert\u00e9 des prix, en tenant compte des difficult\u00e9s sociales auxquelles est confront\u00e9e la majorit\u00e9 des familles marocaines, souligne le BP.<\/p>\n<p><strong>Lire aussi | <a href=\"https:\/\/www.challenge.ma\/le-groupe-somagec-jette-leponge-pour-le-telepherique-de-tanger-176822\/\" target=\"_blank\" rel=\"noreferrer noopener\">Le groupe Somagec jette l\u2019\u00e9ponge pour le t\u00e9l\u00e9ph\u00e9rique de Tanger<\/a><\/strong><\/p>\n<p>Les membres du bureau ont \u00e9galement abord\u00e9 les \u00e9lections. Ils ont ainsi examin\u00e9 le dispositif juridique d\u2019encadrement des \u00e9ch\u00e9ances \u00e9lectorales, \u00e0 la suite de la pr\u00e9sentation par le gouvernement au parlement de plusieurs lois organiques et ordinaires. Ils ont enregistr\u00e9 positivement les nombreuses dispositions d\u2019amendements apport\u00e9es aux projets de textes pr\u00e9cit\u00e9s, conform\u00e9ment au m\u00e9morandum commun pr\u00e9sent\u00e9 par le PPS avec les partis d\u2019opposition. Le Parti du Progr\u00e8s et du Socialisme souligne qu\u2019il va vigoureusement poursuivre son plaidoyer, en tant qu\u2019opposition constructive, pour am\u00e9liorer qualitativement ce dispositif juridique d\u2019encadrement des \u00e9lections et plus pr\u00e9cis\u00e9ment ce qui a trait \u00e0 l\u2019adoption des mesures n\u00e9cessaires pour garantir la concurrence libre et loyale, la probit\u00e9 et la transparence des diff\u00e9rentes \u00e9lections, la lutte contre toutes les formes de pr\u00e9varication et de fraude \u00e9lectorales. Il agira, \u00e9galement, pour le renforcement des m\u00e9canismes devant aboutir \u00e0 la promotion de la parit\u00e9 et de l\u2019\u00e9galit\u00e9 dans les diff\u00e9rentes institutions \u00e9lues, ainsi qu\u2019en ce qui concerne les moyens de consacrer la repr\u00e9sentation des jeunes, des comp\u00e9tences partisanes et des Marocains du monde au parlement, outre la r\u00e9vision et l\u2019unification des seuils \u00e9lectoraux de mani\u00e8re \u00e0 concilier de fa\u00e7on cr\u00e9ative entre la n\u00e9cessit\u00e9 de consacrer le pluralisme politique et d\u2019\u00e9viter la balkanisation du paysage politique.<\/p>\n<p><strong>Lire aussi | <a href=\"https:\/\/www.challenge.ma\/marche-des-voitures-neuves-au-maroc-des-ventes-qui-progressent-de-623-176900\/\" target=\"_blank\" rel=\"noreferrer noopener\">March\u00e9 des voitures neuves au Maroc : des ventes qui progressent<\/a><\/strong><\/p>\n<p>A cette occasion, le Parti du Progr\u00e8s et du Socialisme renouvelle son appel au gouvernement pour l\u2019\u00e9mergence d\u2019un climat politique propice, se fondant sur la d\u00e9tente politique, l\u2019introduction des r\u00e9formes et l\u2019\u00e9largissement de l\u2019espace des libert\u00e9s en tant que conditions n\u00e9cessaires au renforcement de la confiance et de la cr\u00e9dibilit\u00e9 et de la participation massive pour faire des prochaines \u00e9ch\u00e9ances une \u00e9tape qualitative et une valeur ajout\u00e9e au processus de l\u2019\u00e9dification d\u00e9mocratique et institutionnelle dans notre pays. \u00a0\u00a0\u00a0\u00a0\u00a0<\/p>\n<p>Auteur: challenge<br \/>\n<a href=\"https:\/\/www.challenge.ma\/le-pps-exhorte-le-gouvernement-a-proteger-le-pouvoir-dachat-176927\/\">Cliquez ici pour lire l&rsquo;article depuis sa source.<\/a><\/p>\n","protected":false},"excerpt":{"rendered":"<p>Le Bureau politique (BP) du Parti du Progr\u00e8s et du Socialisme (PPS) a tenu sa r\u00e9union hebdomadaire le mardi 23 F\u00e9vrier 2021. Au d\u00e9but de ses travaux, le bureau s\u2019est arr\u00eat\u00e9 sur l\u2019augmentation qu\u2019ont connue les prix des huiles v\u00e9g\u00e9tales, grevant ainsi, encore en plus, le pouvoir d\u2019achat des citoyens. Le BP attire l\u2019attention sur [&hellip;]<\/p>\n","protected":false},"author":1787,"featured_media":0,"comment_status":"closed","ping_status":"closed","sticky":false,"template":"","format":"standard","meta":{"fifu_image_url":"","fifu_image_alt":"","footnotes":""},"categories":[78,54],"tags":[],"class_list":["post-112409","post","type-post","status-publish","format-standard","hentry","category-economie","category-maroc"],"_links":{"self":[{"href":"https:\/\/linitiative.ca\/International\/wp-json\/wp\/v2\/posts\/112409","targetHints":{"allow":["GET"]}}],"collection":[{"href":"https:\/\/linitiative.ca\/International\/wp-json\/wp\/v2\/posts"}],"about":[{"href":"https:\/\/linitiative.ca\/International\/wp-json\/wp\/v2\/types\/post"}],"author":[{"embeddable":true,"href":"https:\/\/linitiative.ca\/International\/wp-json\/wp\/v2\/users\/1787"}],"replies":[{"embeddable":true,"href":"https:\/\/linitiative.ca\/International\/wp-json\/wp\/v2\/comments?post=112409"}],"version-history":[{"count":0,"href":"https:\/\/linitiative.ca\/International\/wp-json\/wp\/v2\/posts\/112409\/revisions"}],"wp:attachment":[{"href":"https:\/\/linitiative.ca\/International\/wp-json\/wp\/v2\/media?parent=112409"}],"wp:term":[{"taxonomy":"category","embeddable":true,"href":"https:\/\/linitiative.ca\/International\/wp-json\/wp\/v2\/categories?post=112409"},{"taxonomy":"post_tag","embeddable":true,"href":"https:\/\/linitiative.ca\/International\/wp-json\/wp\/v2\/tags?post=112409"}],"curies":[{"name":"wp","href":"https:\/\/api.w.org\/{rel}","templated":true}]}}