{"id":112412,"date":"2021-03-03T12:32:36","date_gmt":"2021-03-03T17:32:36","guid":{"rendered":"https:\/\/linitiative.ca\/International\/maroc-lambassade-allemande-suspend-les-visas-schengen-a-lexception-de-certaines-categories\/"},"modified":"2021-03-03T12:32:36","modified_gmt":"2021-03-03T17:32:36","slug":"maroc-lambassade-allemande-suspend-les-visas-schengen-a-lexception-de-certaines-categories","status":"publish","type":"post","link":"https:\/\/linitiative.ca\/International\/maroc-lambassade-allemande-suspend-les-visas-schengen-a-lexception-de-certaines-categories\/","title":{"rendered":"Maroc : l\u2019ambassade allemande suspend les visas Schengen \u00e0 l\u2019exception de certaines cat\u00e9gories"},"content":{"rendered":"<p><strong>Suite aux derniers d\u00e9veloppements concernant la situation diplomatique Maroc-Allemagne et \u00e0 la suspension de tout contact, interaction ou action de coop\u00e9ration aussi bien qu\u2019avec l\u2019Ambassade d\u2019Allemagne que les organismes de coop\u00e9ration et les fondations politiques allemandes, l\u2019Ambassade d\u2019Allemagne vient d\u2019annoncer le suspend l\u2019octroi de visas Schengen pour les ressortissants marocains \u00e0 l\u2019exception de certaines cat\u00e9gories.\u00a0<\/strong><\/p>\n<div class=\"c10\">\n<\/div>\n<p>En effet, l\u2019ambassade de l\u2019Allemagne a annonc\u00e9 sur son site que la r\u00e9ception des demandes de visas Schengen est suspendue except\u00e9 pour certaines cat\u00e9gories et ce jusqu\u2019\u00e0 nouvel ordre. Ceci ressemble donc \u00e0 une r\u00e9ponse diplomatique allemande directe \u00e0 la suite de la d\u00e9cision prise en d\u00e9but de semaine.<\/p>\n<p><strong>Lire aussi | <a href=\"https:\/\/www.challenge.ma\/maroc-18-pays-sur-la-liste-noire-176937\/\" target=\"_blank\" rel=\"noreferrer noopener\">Maroc : 18 pays sur la liste noire<\/a><\/strong><\/p>\n<p>Auteur: Amine Messaoudi<br \/>\n<a href=\"https:\/\/www.challenge.ma\/maroc-lambassade-allemande-suspend-les-visas-schengen-a-lexception-de-certaines-categories-176958\/\">Cliquez ici pour lire l&rsquo;article depuis sa source.<\/a><\/p>\n","protected":false},"excerpt":{"rendered":"<p>Suite aux derniers d\u00e9veloppements concernant la situation diplomatique Maroc-Allemagne et \u00e0 la suspension de tout contact, interaction ou action de coop\u00e9ration aussi bien qu\u2019avec l\u2019Ambassade d\u2019Allemagne que les organismes de coop\u00e9ration et les fondations politiques allemandes, l\u2019Ambassade d\u2019Allemagne vient d\u2019annoncer le suspend l\u2019octroi de visas Schengen pour les ressortissants marocains \u00e0 l\u2019exception de certaines cat\u00e9gories.\u00a0 [&hellip;]<\/p>\n","protected":false},"author":1787,"featured_media":0,"comment_status":"closed","ping_status":"closed","sticky":false,"template":"","format":"standard","meta":{"fifu_image_url":"","fifu_image_alt":"","footnotes":""},"categories":[78,54],"tags":[],"class_list":["post-112412","post","type-post","status-publish","format-standard","hentry","category-economie","category-maroc"],"_links":{"self":[{"href":"https:\/\/linitiative.ca\/International\/wp-json\/wp\/v2\/posts\/112412","targetHints":{"allow":["GET"]}}],"collection":[{"href":"https:\/\/linitiative.ca\/International\/wp-json\/wp\/v2\/posts"}],"about":[{"href":"https:\/\/linitiative.ca\/International\/wp-json\/wp\/v2\/types\/post"}],"author":[{"embeddable":true,"href":"https:\/\/linitiative.ca\/International\/wp-json\/wp\/v2\/users\/1787"}],"replies":[{"embeddable":true,"href":"https:\/\/linitiative.ca\/International\/wp-json\/wp\/v2\/comments?post=112412"}],"version-history":[{"count":0,"href":"https:\/\/linitiative.ca\/International\/wp-json\/wp\/v2\/posts\/112412\/revisions"}],"wp:attachment":[{"href":"https:\/\/linitiative.ca\/International\/wp-json\/wp\/v2\/media?parent=112412"}],"wp:term":[{"taxonomy":"category","embeddable":true,"href":"https:\/\/linitiative.ca\/International\/wp-json\/wp\/v2\/categories?post=112412"},{"taxonomy":"post_tag","embeddable":true,"href":"https:\/\/linitiative.ca\/International\/wp-json\/wp\/v2\/tags?post=112412"}],"curies":[{"name":"wp","href":"https:\/\/api.w.org\/{rel}","templated":true}]}}