{"id":112418,"date":"2021-03-03T14:31:34","date_gmt":"2021-03-03T19:31:34","guid":{"rendered":"https:\/\/linitiative.ca\/International\/arrestation-de-ousmane-sonko-pour-troubles-a-lordre-public\/"},"modified":"2021-03-03T14:31:34","modified_gmt":"2021-03-03T19:31:34","slug":"arrestation-de-ousmane-sonko-pour-troubles-a-lordre-public","status":"publish","type":"post","link":"https:\/\/linitiative.ca\/International\/arrestation-de-ousmane-sonko-pour-troubles-a-lordre-public\/","title":{"rendered":"ARRESTATION DE OUSMANE SONKO POUR TROUBLES A L\u2019ORDRE PUBLIC"},"content":{"rendered":"<p class=\"c4\"><em>L\u2019ex-d\u00e9put\u00e9 et candidat arriv\u00e9 en troisi\u00e8me position \u00e0 l\u2019issue de la derni\u00e8re pr\u00e9sidentielle, Ousmane Sonko, est dans de beaux draps. C\u2019est le moins que l\u2019on puisse dire.\u00a0 En effet, convoqu\u00e9 pour \u00eatre entendu par un juge d\u2019instruction dans une affaire de viol pr\u00e9sum\u00e9 sur fond de menaces de mort, le pr\u00e9venu n\u2019a pas d\u00e9f\u00e9r\u00e9 \u00e0 la convocation et ce, alors m\u00eame qu\u2019il \u00e9tait en route pour le Palais de justice de Dakar. Alors, que s\u2019est-il donc pass\u00e9\u00a0? Ousmane Sonko a \u00e9t\u00e9 arr\u00eat\u00e9 et conduit \u00e0 la section de recherche de Colobane pour \u00ab\u00a0troubles \u00e0 l\u2019ordre public et participation \u00e0 une manifestation interdite\u00a0\u00bb. C\u2019est donc d\u00e9sormais une affaire dans une affaire. Puisqu\u2019en plus des faits pr\u00e9sum\u00e9s de viol dont on l\u2019accuse, le patron du Pastef devra r\u00e9pondre de deux nouveaux chefs d\u2019inculpation. C\u2019est d\u2019ailleurs le trajet emprunt\u00e9 par l\u2019ex-d\u00e9put\u00e9 qui lui vaut son arrestation puisqu\u2019\u00e0 ce propos, il \u00e9tait en d\u00e9saccord avec la pr\u00e9fecture qui lui avait propos\u00e9 un autre itin\u00e9raire. C\u2019est \u00e0 se demander si Ousmane Sonko qui, depuis qu\u2019il est accus\u00e9 de viol par une masseuse professionnelle, crie au complot, ne cherchait pas \u00e0 fantasmer \u00e0 travers une publicit\u00e9 mondiale pour s\u2019attirer ainsi la sympathie de l\u2019opinion.\u00a0 Et l\u2019un de ses avocats ne dit pas autre chose lorsqu\u2019il affirme ceci \u00e0 l\u2019issue de l\u2019arrestation de son client\u00a0: \u00ab\u00a0C\u2019est ce qui \u00e9tait recherch\u00e9\u00a0\u00bb. En jouant \u00e0 fond la carte de la victimisation,\u00a0 tout porte \u00e0 croire que Ousmane Sonko n\u2019est pas serein et cherche ainsi \u00e0 divertir l\u2019opinion. Car, tant qu\u2019\u00e0 faire, pourquoi ameuter ses ouailles parce que tout simplement le juge d\u2019instruction demande \u00e0 l\u2019entendre pour des faits dont on l\u2019accuse\u00a0?<\/em><\/p>\n<p class=\"c6\"><strong>Il revient au pouvoir s\u00e9n\u00e9galais de ne pas jouer le jeu en donnant l\u2019impression de s\u2019acharner\u00a0 sur un opposant<\/strong><\/p>\n<p class=\"c6\"><strong>\u00a0<\/strong><\/p>\n<p class=\"c4\"><em>Il n\u2019avait pas besoin de cela pour autant qu\u2019il n\u2019ait rien \u00e0 se reprocher. Cela dit, il revient au pouvoir s\u00e9n\u00e9galais que l\u2019on ne peut pas non plus absoudre \u00e0 bons comptes dans les d\u00e9boires judiciaires de Ousmane Sonko, de ne pas jouer le jeu en donnant l\u2019impression de s\u2019acharner\u00a0 sur un opposant que d\u2019aucuns pr\u00e9sentent comme un adversaire de taille du chef de l\u2019Etat Macky Sall que l\u2019on soup\u00e7onne \u00e0 tort ou \u00e0 raison, de vouloir briguer un troisi\u00e8me mandat. Les cas de Karim Wade et Khalifa Sall, tous condamn\u00e9s pour des malversations financi\u00e8res et donc emp\u00each\u00e9s\u00a0 de se pr\u00e9senter \u00e0 la derni\u00e8re pr\u00e9sidentielle, sont encore frais dans les m\u00e9moires. Il ne faudra donc pas que le pr\u00e9sident s\u00e9n\u00e9galais s\u2019illustre n\u00e9gativement \u00e0 travers l\u2019embastillement de ses opposants, histoire de faire le vide autour de lui. Pour un pays comme le S\u00e9n\u00e9gal qui a une longue tradition d\u00e9mocratique, pareilles d\u00e9rives autocratiques sont pour le moins, intol\u00e9rables. Cela dit, la balle est d\u00e9sormais dans le camp de la Justice. C\u2019est \u00e0 elle de travailler, en toute impartialit\u00e9, de sorte \u00e0 ce que jaillisse la lumi\u00e8re dans cette affaire de viol qui prend les allures d\u2019une affaire d\u2019Etat. Si le viol est consomm\u00e9, alors qu\u2019Ousmane Sonko, au-del\u00e0 de toute consid\u00e9ration, soit condamn\u00e9. S\u2019il s\u2019av\u00e8re aussi qu\u2019il s\u2019agit d\u2019une simple cabale destin\u00e9e \u00e0 nuire \u00e0 sa carri\u00e8re politique, qu\u2019il soit purement et simplement relax\u00e9.<\/em><\/p>\n<p class=\"c6\"><strong>B.O<\/strong><\/p>\n<p>Auteur: Editions LEPAYS<br \/>\n<a href=\"https:\/\/lepays.bf\/arrestation-de-ousmane-sonko-pour-troubles-a-lordre-public\/\">Cliquez ici pour lire l&rsquo;article depuis sa source.<\/a><\/p>\n","protected":false},"excerpt":{"rendered":"<p>L\u2019ex-d\u00e9put\u00e9 et candidat arriv\u00e9 en troisi\u00e8me position \u00e0 l\u2019issue de la derni\u00e8re pr\u00e9sidentielle, Ousmane Sonko, est dans de beaux draps. C\u2019est le moins que l\u2019on puisse dire.\u00a0 En effet, convoqu\u00e9 pour \u00eatre entendu par un juge d\u2019instruction dans une affaire de viol pr\u00e9sum\u00e9 sur fond de menaces de mort, le pr\u00e9venu n\u2019a pas d\u00e9f\u00e9r\u00e9 \u00e0 [&hellip;]<\/p>\n","protected":false},"author":1813,"featured_media":0,"comment_status":"closed","ping_status":"closed","sticky":false,"template":"","format":"standard","meta":{"fifu_image_url":"","fifu_image_alt":"","footnotes":""},"categories":[73,81],"tags":[],"class_list":["post-112418","post","type-post","status-publish","format-standard","hentry","category-actualite","category-burkina-faso"],"_links":{"self":[{"href":"https:\/\/linitiative.ca\/International\/wp-json\/wp\/v2\/posts\/112418","targetHints":{"allow":["GET"]}}],"collection":[{"href":"https:\/\/linitiative.ca\/International\/wp-json\/wp\/v2\/posts"}],"about":[{"href":"https:\/\/linitiative.ca\/International\/wp-json\/wp\/v2\/types\/post"}],"author":[{"embeddable":true,"href":"https:\/\/linitiative.ca\/International\/wp-json\/wp\/v2\/users\/1813"}],"replies":[{"embeddable":true,"href":"https:\/\/linitiative.ca\/International\/wp-json\/wp\/v2\/comments?post=112418"}],"version-history":[{"count":0,"href":"https:\/\/linitiative.ca\/International\/wp-json\/wp\/v2\/posts\/112418\/revisions"}],"wp:attachment":[{"href":"https:\/\/linitiative.ca\/International\/wp-json\/wp\/v2\/media?parent=112418"}],"wp:term":[{"taxonomy":"category","embeddable":true,"href":"https:\/\/linitiative.ca\/International\/wp-json\/wp\/v2\/categories?post=112418"},{"taxonomy":"post_tag","embeddable":true,"href":"https:\/\/linitiative.ca\/International\/wp-json\/wp\/v2\/tags?post=112418"}],"curies":[{"name":"wp","href":"https:\/\/api.w.org\/{rel}","templated":true}]}}