{"id":112419,"date":"2021-03-03T14:34:33","date_gmt":"2021-03-03T19:34:33","guid":{"rendered":"https:\/\/linitiative.ca\/International\/sortie-de-la-cenco-sur-le-retour-au-pouvoir-des-pro-kabila\/"},"modified":"2021-03-03T14:34:33","modified_gmt":"2021-03-03T19:34:33","slug":"sortie-de-la-cenco-sur-le-retour-au-pouvoir-des-pro-kabila","status":"publish","type":"post","link":"https:\/\/linitiative.ca\/International\/sortie-de-la-cenco-sur-le-retour-au-pouvoir-des-pro-kabila\/","title":{"rendered":"SORTIE DE LA CENCO SUR LE RETOUR AU POUVOIR DES PRO-KABILA"},"content":{"rendered":"<p class=\"c4\"><em>La Conf\u00e9rence \u00e9piscopale nationale du Congo (CENCO) vient de jeter un pav\u00e9 dans la marre. En effet, dans son premier message de l\u2019ann\u00e9e, livr\u00e9 le 1<sup>er<\/sup> mars 2021, elle s\u2019est montr\u00e9e critique vis-\u00e0-vis du r\u00e9gime en place et a interpell\u00e9 le pr\u00e9sident sur la formation du futur gouvernement. \u00abSeuls les hommes et les femmes qui ont fait preuve d\u2019une bonne \u00e9thique dans leur pass\u00e9 et qui ont une exp\u00e9rience dans le domaine requis, soucieux du bien-\u00eatre de la population, m\u00e9ritent d\u2019\u00eatre coopt\u00e9s pour g\u00e9rer les institutions de l\u2019Etat et les entreprises publiques. Le peuple sera frustr\u00e9 de voir revenir au pouvoir ceux qui ont particip\u00e9 au pillage, \u00e0 l\u2019ins\u00e9curit\u00e9, \u00e0 la violation des droits humains \u00bb. Voici la phrase qui fait pol\u00e9mique en R\u00e9publique d\u00e9mocratique du Congo (RDC). Et le moins que l\u2019on puisse dire, c\u2019est que l\u2019on ne saurait donner enti\u00e8rement tort \u00e0 ceux qui pensent que l\u2019Eglise semble avoir outrepass\u00e9 son r\u00f4le. Certes, le r\u00f4le de vigie qu\u2019elle joue en RDC est salutaire mais de l\u00e0 \u00e0 vouloir donner l\u2019impression qu\u2019elle souhaite l\u2019exclusion de certains fils du pays de la gestion des affaires publiques, c\u2019est un pas de trop qu\u2019elle aurait pu se garder de franchir. C\u2019est vrai que les tractations en cours doivent aboutir \u00e0 la formation d\u2019un nouveau gouvernement dans lequel seront certainement repr\u00e9sent\u00e9s des pro-Kabila. Une chose qui pourrait s\u2019apparenter \u00e0 une forme d\u2019impunit\u00e9 accord\u00e9e \u00e0 ces derniers qui ont tourn\u00e9 casaque. Mais si cela peut contribuer \u00e0 donner les coud\u00e9es franches au locataire du Palais de marbre, et partant, sortir le pays de l\u2019immobilisme dans lequel il \u00e9tait plong\u00e9 depuis l\u2019arriv\u00e9e de F\u00e9lix Tshis\u00e9k\u00e9di au pouvoir, il n\u2019y pas de quoi en faire un drame.<\/em><\/p>\n<p class=\"c4\"><em>\u00a0<\/em><\/p>\n<p class=\"c4\"><em>\u00a0<\/em><\/p>\n<p class=\"c6\"><strong><em>Il ne faudrait donc pas rompre un mariage avec le diable le jour et se remarier la nuit avec ses \u00ab\u00a0saints\u00a0\u00bb<\/em><\/strong><\/p>\n<p class=\"c6\"><strong><em>\u00a0<\/em><\/strong><\/p>\n<p class=\"c4\"><em>\u00a0<\/em><\/p>\n<p class=\"c4\"><em>Cela dit, on ne saurait non plus trop titiller les pr\u00e9lats ce d\u2019autant\u00a0 que leur sortie sonne comme une sorte de mise en garde contre le retour de certains caciques du r\u00e9gime Kabila qui se sont illustr\u00e9s de la pire des mani\u00e8res. La CENCO est d\u2019autant plus excusable que certains pro-Kabila n\u2019avaient pas h\u00e9sit\u00e9 \u00e0 tuer d\u2019innocentes personnes dans des \u00e9glises, pour dissuader tous ceux qui s\u2019opposaient \u00e0 son projet de troisi\u00e8me mandat. Et comme \u00a0le dit le proverbe, \u00ab\u00a0chat \u00e9chaud\u00e9 craint l\u2019eau froide\u00a0\u00bb. Face \u00e0 ce qui se trame sur les rives du fleuve Congo en termes de marchandages pour la mise sur pied de l\u2019\u00e9quipe du Premier ministre, Jean-Michel Sama Lukond\u00e9, mieux vaut pr\u00e9venir que gu\u00e9rir. Car, on le sait, les hommes politiques sont pr\u00eats \u00e0 toutes sortes de compromissions pour d\u00e9fendre leurs int\u00e9r\u00eats. Cela est d\u2019autant plus vrai que pour acc\u00e9der \u00e0 la magistrature supr\u00eame, F\u00e9lix Tshis\u00e9k\u00e9di n\u2019avait pas h\u00e9sit\u00e9 \u00e0 d\u00eener, pour ne pas dire \u00e0 pactiser avec le diable, Joseph Kabila, pour ne pas le nommer. La suite, on la conna\u00eet. C\u2019est dire qu\u2019il faut tenir \u00e0 l\u2019\u0153il le r\u00e9gime de Tshis\u00e9k\u00e9di qui vient de renforcer sa marge de man\u0153uvre en retirant des mains des pro-Kabila, la gestion des institutions-cl\u00e9s de la R\u00e9publique. Il ne faudrait donc pas rompre un mariage avec le diable le jour et se remarier la nuit avec ses \u00ab\u00a0saints\u00a0\u00bb. Or, tout porte \u00e0 croire que les carottes sont cuites pour Kabila, du moins en ce qui concerne son projet de revenir aux affaires \u00e0 la faveur de la pr\u00e9sidentielle de 2023. Reste \u00e0 souhaiter que la sortie de la CENCO puisse pousser le pr\u00e9sident Tshis\u00e9k\u00e9di et son Premier ministre \u00e0 op\u00e9rer un choix judicieux d\u2019hommes et de femmes r\u00e9solument engag\u00e9s au service du peuple et de la nation congolaise.<\/em><\/p>\n<p class=\"c4\"><em>\u00a0<\/em><\/p>\n<p class=\"c6\"><strong><em>Dabadi ZOUMBARA<\/em><\/strong><\/p>\n<p class=\"c6\"><strong><em>\u00a0<\/em><\/strong><\/p>\n<p class=\"c4\"><em>\u00a0<\/em><\/p>\n<p class=\"c4\"><em>\u00a0<\/em><\/p>\n<p>Auteur: Editions LEPAYS<br \/>\n<a href=\"https:\/\/lepays.bf\/sortie-de-la-cenco-sur-le-retour-au-pouvoir-des-pro-kabila\/\">Cliquez ici pour lire l&rsquo;article depuis sa source.<\/a><\/p>\n","protected":false},"excerpt":{"rendered":"<p>La Conf\u00e9rence \u00e9piscopale nationale du Congo (CENCO) vient de jeter un pav\u00e9 dans la marre. En effet, dans son premier message de l\u2019ann\u00e9e, livr\u00e9 le 1er mars 2021, elle s\u2019est montr\u00e9e critique vis-\u00e0-vis du r\u00e9gime en place et a interpell\u00e9 le pr\u00e9sident sur la formation du futur gouvernement. \u00abSeuls les hommes et les femmes qui [&hellip;]<\/p>\n","protected":false},"author":1813,"featured_media":0,"comment_status":"closed","ping_status":"closed","sticky":false,"template":"","format":"standard","meta":{"fifu_image_url":"","fifu_image_alt":"","footnotes":""},"categories":[73,81],"tags":[],"class_list":["post-112419","post","type-post","status-publish","format-standard","hentry","category-actualite","category-burkina-faso"],"_links":{"self":[{"href":"https:\/\/linitiative.ca\/International\/wp-json\/wp\/v2\/posts\/112419","targetHints":{"allow":["GET"]}}],"collection":[{"href":"https:\/\/linitiative.ca\/International\/wp-json\/wp\/v2\/posts"}],"about":[{"href":"https:\/\/linitiative.ca\/International\/wp-json\/wp\/v2\/types\/post"}],"author":[{"embeddable":true,"href":"https:\/\/linitiative.ca\/International\/wp-json\/wp\/v2\/users\/1813"}],"replies":[{"embeddable":true,"href":"https:\/\/linitiative.ca\/International\/wp-json\/wp\/v2\/comments?post=112419"}],"version-history":[{"count":0,"href":"https:\/\/linitiative.ca\/International\/wp-json\/wp\/v2\/posts\/112419\/revisions"}],"wp:attachment":[{"href":"https:\/\/linitiative.ca\/International\/wp-json\/wp\/v2\/media?parent=112419"}],"wp:term":[{"taxonomy":"category","embeddable":true,"href":"https:\/\/linitiative.ca\/International\/wp-json\/wp\/v2\/categories?post=112419"},{"taxonomy":"post_tag","embeddable":true,"href":"https:\/\/linitiative.ca\/International\/wp-json\/wp\/v2\/tags?post=112419"}],"curies":[{"name":"wp","href":"https:\/\/api.w.org\/{rel}","templated":true}]}}