{"id":112420,"date":"2021-03-03T14:37:30","date_gmt":"2021-03-03T19:37:30","guid":{"rendered":"https:\/\/linitiative.ca\/International\/mise-en-place-du-nouveau-bureau-du-senat-en-rdc\/"},"modified":"2021-03-03T14:37:30","modified_gmt":"2021-03-03T19:37:30","slug":"mise-en-place-du-nouveau-bureau-du-senat-en-rdc","status":"publish","type":"post","link":"https:\/\/linitiative.ca\/International\/mise-en-place-du-nouveau-bureau-du-senat-en-rdc\/","title":{"rendered":"MISE EN PLACE DU NOUVEAU BUREAU DU SENAT EN RDC"},"content":{"rendered":"<p class=\"c4\"><em>Le bureau d\u00e9finitif de la Chambre haute du Parlement congolais a \u00e9t\u00e9 \u00e9lu le 2 mars 2021. Sans surprise, c\u2019est Modeste Bahati, un proche du pr\u00e9sident Tshis\u00e9k\u00e9di et candidat unique au perchoir, qui a \u00e9t\u00e9 port\u00e9 \u00e0 la t\u00eate de l\u2019institution. La mise en place de ce nouveau bureau du S\u00e9nat consacre le parach\u00e8vement de la rupture entre le pr\u00e9sident Tshis\u00e9k\u00e9di et Joseph Kabila qui a vu successivement ses proches \u00eatre \u00e9vinc\u00e9s des institutions les plus importantes du pouvoir.\u00a0<\/em> <em>Le moins que l\u2019on puisse dire, c\u2019est que le vent du changement a fini de tourner en RD Congo o\u00f9 jadis, le tout-puissant ex-pr\u00e9sident Joseph Kabila, est en train de devenir l\u2019ombre de lui-m\u00eame. En effet, en quelques mois, c\u2019est un Kabila pratiquement impuissant qui a vu son influence se r\u00e9tr\u00e9cir comme peau de chagrin, suite \u00e0 la destitution en r\u00e8gle de certains de ses fid\u00e8les log\u00e9s \u00e0 des postes-cl\u00e9s du pouvoir. Toute chose qui lui permettait de tenir en laisse son alli\u00e9 de circonstance, le pr\u00e9sident Tshis\u00e9k\u00e9di, en attendant de signer son retour au sommet de l\u2019Etat, \u00e0 la faveur les prochaines \u00e9lections.<\/em><\/p>\n<p class=\"c4\"><em>\u00a0<\/em><\/p>\n<p class=\"c6\"><strong><em>Cette fois-ci, la situation est bien mal embarqu\u00e9e pour celui qui pensait pouvoir faire de Tsis\u00e9k\u00e9di fils son Medvedev<\/em><\/strong><\/p>\n<p class=\"c4\"><em>\u00a0<\/em><\/p>\n<p class=\"c4\"><em>En effet, tout a commenc\u00e9 par Jeannine Mabunda, \u00a0haut cadre du FCC (Front commun pour le Congo) de Joseph Kabila, \u00a0d\u00e9chue dans la premi\u00e8re quinzaine du mois de d\u00e9cembre 2020 de son poste de pr\u00e9sidente de l\u2019Assembl\u00e9e nationale, suivie de la nomination, par le chef de l\u2019Etat, d\u2019un informateur charg\u00e9 de lui constituer une nouvelle majorit\u00e9 \u00e0 la Repr\u00e9sentation nationale.\u00a0 Ensuite, ce fut au tour de \u00a0Sylvestre Ilunga Ilunkamba de passer \u00e0 la trappe, pouss\u00e9 un mois et demi plus tard \u00e0 la porte de la Primature par une motion de censure qui est pass\u00e9e comme lettre \u00e0 la poste devant des d\u00e9put\u00e9s d\u00e9sormais largement acquis \u00e0 la cause du chef de l\u2019Etat. D\u00e8s lors, il ne restait plus que le changement du pr\u00e9sident du S\u00e9nat pour boucler la boucle du nettoyage des \u00e9curies\u2026de Kabila dans les hautes institutions de l\u2019Etat.\u00a0 Ce qui est d\u00e9sormais chose faite. Alexis Thambwe Mwamba, l\u2019ex-occupant du poste qui \u00e9tait sous le coup d\u2019une p\u00e9tition, ayant pr\u00e9f\u00e9r\u00e9 prendre les devant en rendant sa d\u00e9mission en d\u00e9but f\u00e9vrier dernier, \u00e0 l\u2019inverse de ses deux camarades cit\u00e9s plus haut, qui ont tent\u00e9 de faire dans la r\u00e9sistance avant de subir devants les \u00e9lus du peuple, de cinglants revers qui les ont rappel\u00e9s \u00e0 la r\u00e9alit\u00e9 du renversement du rapport de forces au sein de la coalition au pouvoir en leur d\u00e9faveur.\u00a0\u00a0<\/em> <em>La question que l\u2019on peut se poser, est de savoir si ce d\u00e9mant\u00e8lement en r\u00e8gle du dispositif de Kabila au sein de l\u2019appareil d\u2019Etat, sonne le chant du cygne pour l\u2019ex-homme fort de Kinshasa. On attend de voir. Mais d\u2019ores et d\u00e9j\u00e0, si le taiseux ex-chef de l\u2019Etat garde, comme \u00e0 son habitude, un silence qui ne laisse rien transpara\u00eetre de sa capacit\u00e9 de nuisance, il convient de dire que cette fois-ci, la situation est bien mal embarqu\u00e9e pour celui qui, de toute apparence, pensait pouvoir faire de Tsis\u00e9k\u00e9di fils son Medvedev, dans l\u2019espoir de \u00a0rebondir \u00e0 la faveur des prochaines consultations populaires.<\/em><\/p>\n<p class=\"c4\"><em>\u00a0<\/em><\/p>\n<p class=\"c6\"><strong><em>Maintenant qu\u2019il a les coud\u00e9es franches pour gouverner, Fashi est attendu au pied du mur de ses promesses \u00e9lectorales<\/em><\/strong><\/p>\n<p class=\"c4\"><em>\u00a0<\/em><\/p>\n<p class=\"c4\"><em>La situation est d\u2019autant plus difficile pour le natif de Hewa Bora dans le Sid-Kivu, qu\u2019en plus de ses d\u00e9convenues politiques n\u00e9es du l\u00e2chage et de la transhumance politique de nombre de ses partisans partis grossir les rangs de la nouvelle majorit\u00e9 aux c\u00f4t\u00e9s du chef de l\u2019Etat, il n\u2019est pas \u00e0 l\u2019abri d\u2019\u00e9ventuels ennuis judiciaires, notamment dans l\u2019affaire Chebeya et dans le feuilleton de l\u2019assassinat de son p\u00e8re, Laurent D\u00e9sir\u00e9 Kabila ; deux dossiers judiciaires qui ont r\u00e9cemment connu des rebondissements. C\u2019est dire si l\u2019avenir politique de Kabila fils n\u2019est plus aussi certain que quand il remettait le pouvoir \u00e0 son successeur, il y a deux ans,\u00a0 dans le secret espoir de le reconqu\u00e9rir au plus vite. On peut m\u00eame dire qu\u2019il se dessine d\u00e9sormais en pointill\u00e9s, avec l\u2019\u00e9p\u00e9e de Damocl\u00e8s de la Justice qui semble planer sur sa t\u00eate. En attendant, c\u2019est le pr\u00e9sident Tshis\u00e9k\u00e9di qui peut boire son petit lait ; lui qui, aux premi\u00e8res heures de son pouvoir, a \u00e9t\u00e9 vou\u00e9 aux g\u00e9monies et trait\u00e9 de tous les qualificatifs, et qui a d\u00e9sormais toutes les cartes en main pour d\u00e9rouler all\u00e8grement son programme \u00e0 la t\u00eate de la RDC. C\u2019est pourquoi, qu\u2019on l\u2019aime ou qu\u2019on ne l\u2019aime pas, il faut reconna\u00eetre \u00e0 Tshis\u00e9k\u00e9di fils un talent sinon un g\u00e9nie politique qui a su se retrouver dans une situation o\u00f9 beaucoup ne l\u2019attendaient pas,\u00a0 en renversant \u00e0 la surprise g\u00e9n\u00e9rale un rapport de forces qui lui \u00e9tait au d\u00e9part tr\u00e8s d\u00e9favorable. \u00a0Aujourd\u2019hui, il est en passe de permettre \u00e0 son pays, et c\u2019est tout le mal que l\u2019on puisse souhaiter \u00e0 la RDC, \u00a0de tourner d\u00e9finitivement la page de l\u2019une des dictatures les plus \u00e9paisses du continent africain. C\u2019est aussi cela les bienfaits de l\u2019alternance.\u00a0<\/em> <em>En tout \u00e9tat de cause, maintenant qu\u2019il a les coud\u00e9es franches pour gouverner, Fashi est attendu au pied du mur de ses promesses \u00e9lectorales. Et c\u2019est peu dire qu\u2019il n\u2019a pas droit \u00e0 l\u2019erreur, encore moins \u00e0 des excuses, s\u2019il veut se donner des chances de rempiler \u00e0 la t\u00eate de l\u2019Etat congolais.<\/em><\/p>\n<p class=\"c4\"><em>\u00a0<\/em><\/p>\n<p class=\"c6\"><strong><em>\u00a0\u00ab\u00a0Le Pays\u00a0\u00bb<\/em><\/strong><\/p>\n<p class=\"c4\"><em>\u00a0<\/em><\/p>\n<p>Auteur: Editions LEPAYS<br \/>\n<a href=\"https:\/\/lepays.bf\/mise-en-place-du-nouveau-bureau-du-senat-en-rdc-2\/\">Cliquez ici pour lire l&rsquo;article depuis sa source.<\/a><\/p>\n","protected":false},"excerpt":{"rendered":"<p>Le bureau d\u00e9finitif de la Chambre haute du Parlement congolais a \u00e9t\u00e9 \u00e9lu le 2 mars 2021. Sans surprise, c\u2019est Modeste Bahati, un proche du pr\u00e9sident Tshis\u00e9k\u00e9di et candidat unique au perchoir, qui a \u00e9t\u00e9 port\u00e9 \u00e0 la t\u00eate de l\u2019institution. La mise en place de ce nouveau bureau du S\u00e9nat consacre le parach\u00e8vement de [&hellip;]<\/p>\n","protected":false},"author":1813,"featured_media":0,"comment_status":"closed","ping_status":"closed","sticky":false,"template":"","format":"standard","meta":{"fifu_image_url":"","fifu_image_alt":"","footnotes":""},"categories":[73,81],"tags":[],"class_list":["post-112420","post","type-post","status-publish","format-standard","hentry","category-actualite","category-burkina-faso"],"_links":{"self":[{"href":"https:\/\/linitiative.ca\/International\/wp-json\/wp\/v2\/posts\/112420","targetHints":{"allow":["GET"]}}],"collection":[{"href":"https:\/\/linitiative.ca\/International\/wp-json\/wp\/v2\/posts"}],"about":[{"href":"https:\/\/linitiative.ca\/International\/wp-json\/wp\/v2\/types\/post"}],"author":[{"embeddable":true,"href":"https:\/\/linitiative.ca\/International\/wp-json\/wp\/v2\/users\/1813"}],"replies":[{"embeddable":true,"href":"https:\/\/linitiative.ca\/International\/wp-json\/wp\/v2\/comments?post=112420"}],"version-history":[{"count":0,"href":"https:\/\/linitiative.ca\/International\/wp-json\/wp\/v2\/posts\/112420\/revisions"}],"wp:attachment":[{"href":"https:\/\/linitiative.ca\/International\/wp-json\/wp\/v2\/media?parent=112420"}],"wp:term":[{"taxonomy":"category","embeddable":true,"href":"https:\/\/linitiative.ca\/International\/wp-json\/wp\/v2\/categories?post=112420"},{"taxonomy":"post_tag","embeddable":true,"href":"https:\/\/linitiative.ca\/International\/wp-json\/wp\/v2\/tags?post=112420"}],"curies":[{"name":"wp","href":"https:\/\/api.w.org\/{rel}","templated":true}]}}