{"id":112421,"date":"2021-03-03T14:39:40","date_gmt":"2021-03-03T19:39:40","guid":{"rendered":"https:\/\/linitiative.ca\/International\/condamnation-de-lex-president-francais\/"},"modified":"2021-03-03T14:39:40","modified_gmt":"2021-03-03T19:39:40","slug":"condamnation-de-lex-president-francais","status":"publish","type":"post","link":"https:\/\/linitiative.ca\/International\/condamnation-de-lex-president-francais\/","title":{"rendered":"CONDAMNATION DE L\u2019EX-PRESIDENT FRAN\u00c7AIS  \u00a0"},"content":{"rendered":"<p class=\"c4\"><em>La nouvelle est tomb\u00e9e comme un couperet dans l\u2019apr\u00e8s-midi du 1<sup>er<\/sup> mars 2021. L\u2019ancien pr\u00e9sident fran\u00e7ais, Nicolas Sarkozy, a \u00e9t\u00e9 condamn\u00e9 \u00e0 trois ans de prison dont un ferme pour corruption et trafic d\u2019influence. Les faits remontent \u00e0 2014. L\u2019ex-pr\u00e9sident avait tent\u00e9 d\u2019obtenir, dit-on, des informations confidentielles dans le cadre d\u2019une proc\u00e9dure judiciaire le concernant. Il souhaitait ainsi obtenir l\u2019annulation de la saisie de ses agendas pr\u00e9sidentiels et ce, apr\u00e8s avoir b\u00e9n\u00e9fici\u00e9 d\u2019un non-lieu dans l\u2019affaire Bettencourt. Quant \u00e0 son avocat qui a \u00e9cop\u00e9 de la m\u00eame peine, il n\u2019intervenait pas directement dans le dossier mais il a fait valoir ses relations. En tout cas, pour un coup dur, c\u2019en est\u00a0 un pour Nicolas Sarkozy qui, on le sait, aff\u00fbtait d\u00e9j\u00e0 ses armes dans la perspective de la campagne pr\u00e9sidentielle. D\u2019aucuns le pr\u00e9sentaient d\u2019ailleurs comme un challenger de taille du pr\u00e9sident Emmanuel Macron qui ne fait pas aussi myst\u00e8re de sa volont\u00e9 de rebeloter en 2022. Mais avec cette condamnation qui p\u00e8se d\u00e9sormais sur ses \u00e9paules, celui-l\u00e0 que l\u2019on appelait l\u2019hyper-pr\u00e9sident risque de faire le deuil de ses ambitions au grand bonheur de ses adversaires \u00e0 moins qu\u2019en appel, \u00ab\u00a0 Paul Bismuth\u00a0\u00bb, ainsi qu\u2019il se surnommait lors des \u00e9coutes t\u00e9l\u00e9phoniques, ne b\u00e9n\u00e9ficie d\u2019un non-lieu ou d\u2019un acquittement. Et m\u00eame l\u00e0, il restera toujours dans le collimateur de la Justice pour d\u2019autres faits qui l\u2019accablent.<\/em><\/p>\n<p class=\"c4\"><em>\u00a0<\/em><\/p>\n<p class=\"c4\"><em>\u00a0<\/em><\/p>\n<p class=\"c6\"><strong><em>Bon ou mauvais, le pass\u00e9 de chacun, ici bas, le rattrapera<\/em><\/strong><\/p>\n<p class=\"c4\"><em>\u00a0<\/em><\/p>\n<p class=\"c4\"><em>\u00a0<\/em><\/p>\n<p class=\"c4\"><em>Cela dit, ce qui arrive aujourd\u2019hui \u00e0 l\u2019ex-pr\u00e9sident\u00a0 fran\u00e7ais doit servir de le\u00e7on \u00e0 bien des dirigeants africains qui, au fa\u00eete de leur gloire, se croient tout permis. Se refusant de s\u2019imaginer une autre vie en dehors du pouvoir, ils font la pluie et le beau temps. Tant et si bien que certains n\u2019h\u00e9sitent pas \u00e0 emprisonner ou massacrer \u00e0 tour de bras pendant que d\u2019autres proc\u00e8dent \u00e0 un pillage en r\u00e8gle des ressources de leurs pays respectifs. En le faisant, pensent-ils qu\u2019ils pourront un jour \u00eatre rattrap\u00e9s par leur pass\u00e9 comme c\u2019est le cas de Nicolas Sarkozy\u00a0? Assur\u00e9ment non, puisque conscients qu\u2019ils tra\u00eenent des casseroles et que leurs placards sont remplis\u2026 de cadavres, ils usent de stratag\u00e8mes pour s\u2019accrocher au pouvoir \u00e0 coups de tripatouillages de la loi fondamentale de leurs pays respectifs. C\u2019est le cas, pour ne pas les nommer, de Paul Kagam\u00e9 du Rwanda, Paul Biya du Cameroun, Denis Sassou Nguesso du Congo Brazzaville, Th\u00e9odoro Obieng N\u2019guema de la Guin\u00e9e \u00e9quatoriale et Idriss Deby du Tchad. Le dernier cit\u00e9 vient d\u2019ailleurs de s\u2019illustrer de la pire des mani\u00e8res \u00e0 travers l\u2019attaque dirig\u00e9e contre le domicile d\u2019un de ses opposants, Yaya Dillo, qui a co\u00fbt\u00e9 la vie \u00e0 la m\u00e8re et\u00a0 au fils de ce dernier. En tout cas, une chose est certaine. Tous ceux des dirigeants qui, pour une raison ou pour une autre, arrivent \u00e0 \u00e9chapper \u00e0 la Justice des Hommes, doivent savoir qu\u2019ils n\u2019\u00e9chapperont pas \u00a0\u00e0 la Justice immanente. Donc, bon ou mauvais, le pass\u00e9 de chacun, ici bas, le rattrapera.<\/em><\/p>\n<p class=\"c4\"><em>\u00a0<\/em><\/p>\n<p class=\"c6\"><strong><em>B.O<\/em><\/strong><\/p>\n<p>Auteur: Editions LEPAYS<br \/>\n<a href=\"https:\/\/lepays.bf\/condamnation-de-lex-president-francais-2\/\">Cliquez ici pour lire l&rsquo;article depuis sa source.<\/a><\/p>\n","protected":false},"excerpt":{"rendered":"<p>La nouvelle est tomb\u00e9e comme un couperet dans l\u2019apr\u00e8s-midi du 1er mars 2021. L\u2019ancien pr\u00e9sident fran\u00e7ais, Nicolas Sarkozy, a \u00e9t\u00e9 condamn\u00e9 \u00e0 trois ans de prison dont un ferme pour corruption et trafic d\u2019influence. Les faits remontent \u00e0 2014. L\u2019ex-pr\u00e9sident avait tent\u00e9 d\u2019obtenir, dit-on, des informations confidentielles dans le cadre d\u2019une proc\u00e9dure judiciaire le concernant. [&hellip;]<\/p>\n","protected":false},"author":1813,"featured_media":0,"comment_status":"closed","ping_status":"closed","sticky":false,"template":"","format":"standard","meta":{"fifu_image_url":"","fifu_image_alt":"","footnotes":""},"categories":[73,81],"tags":[],"class_list":["post-112421","post","type-post","status-publish","format-standard","hentry","category-actualite","category-burkina-faso"],"_links":{"self":[{"href":"https:\/\/linitiative.ca\/International\/wp-json\/wp\/v2\/posts\/112421","targetHints":{"allow":["GET"]}}],"collection":[{"href":"https:\/\/linitiative.ca\/International\/wp-json\/wp\/v2\/posts"}],"about":[{"href":"https:\/\/linitiative.ca\/International\/wp-json\/wp\/v2\/types\/post"}],"author":[{"embeddable":true,"href":"https:\/\/linitiative.ca\/International\/wp-json\/wp\/v2\/users\/1813"}],"replies":[{"embeddable":true,"href":"https:\/\/linitiative.ca\/International\/wp-json\/wp\/v2\/comments?post=112421"}],"version-history":[{"count":0,"href":"https:\/\/linitiative.ca\/International\/wp-json\/wp\/v2\/posts\/112421\/revisions"}],"wp:attachment":[{"href":"https:\/\/linitiative.ca\/International\/wp-json\/wp\/v2\/media?parent=112421"}],"wp:term":[{"taxonomy":"category","embeddable":true,"href":"https:\/\/linitiative.ca\/International\/wp-json\/wp\/v2\/categories?post=112421"},{"taxonomy":"post_tag","embeddable":true,"href":"https:\/\/linitiative.ca\/International\/wp-json\/wp\/v2\/tags?post=112421"}],"curies":[{"name":"wp","href":"https:\/\/api.w.org\/{rel}","templated":true}]}}