{"id":112422,"date":"2021-03-03T14:41:54","date_gmt":"2021-03-03T19:41:54","guid":{"rendered":"https:\/\/linitiative.ca\/International\/election-a-la-presidence-de-la-caf\/"},"modified":"2021-03-03T14:41:54","modified_gmt":"2021-03-03T19:41:54","slug":"election-a-la-presidence-de-la-caf","status":"publish","type":"post","link":"https:\/\/linitiative.ca\/International\/election-a-la-presidence-de-la-caf\/","title":{"rendered":"ELECTION A LA PRESIDENCE DE LA CAF"},"content":{"rendered":"<p class=\"c4\"><em>La date fatidique du 12 mars 2021 retenue pour l\u2019\u00e9lection du pr\u00e9sident de la CAF approche \u00e0 grands pas et la campagne continue de battre son plein. D\u2019ailleurs, place est d\u00e9sormais faite aux grandes man\u0153uvres conduites par l\u2019Italo-Suisse, Gianni Infantino, pr\u00e9sident de la FIFA. En effet, ces derni\u00e8res semaines, ce dernier a pris son b\u00e2ton de p\u00e8lerin pour parcourir le continent du Nord au Sud en passant la zone ouest et centrale pour, dit-il, parler de d\u00e9veloppement du football africain avec l\u2019appui de l\u2019instance qu\u2019il dirige. Dans ces pays, en plus des pr\u00e9sidents de f\u00e9d\u00e9rations, il a surtout rencontr\u00e9 les chefs d\u2019Etat des pays visit\u00e9s. Mais ce n\u2019\u00e9tait que de la poudre aux yeux pour masquer sa vraie intention. Car, cette tourn\u00e9e qui n\u2019avait rien de fortuite puisqu\u2019elle\u00a0 avait pour objectif de battre campagne pour son candidat pr\u00e9f\u00e9r\u00e9, le Sud-africain Patrice Motsepe, face \u00e0 l\u2019Ivoirien Jacques Anouma, le S\u00e9n\u00e9galais Me Augustin Senghor et le Mauritanien Ahmed Yahya. Et pour r\u00e9ussir son funeste projet, Gianni Infantino est all\u00e9 jusqu\u2019\u00e0 convoquer les candidats \u00e0 Rabat au Maroc pendant quelques jours, afin de convaincre, par l\u2019entremise de ses envoy\u00e9s sp\u00e9ciaux, les adversaires du Sud-africain \u00e0 se rallier \u00e0 ce dernier. Les informations qui sortent de ce rendez-vous r\u00e9v\u00e8lent que le deal est de faire de Patrice Motsepe le pr\u00e9sident de la CAF, puis de Me Augustin Senghor et Ahmed Yahya, respectivement premier et deuxi\u00e8me vice-pr\u00e9sidents et un poste de conseiller sp\u00e9cial du pr\u00e9sident \u00e0 Jacques Anouma. Si le S\u00e9n\u00e9galais et le Mauritanien semblent avoir accept\u00e9 cet accord, ce n\u2019est pas le cas de l\u2019Ivoirien, selon des \u00e9chos du fameux conclave de Rabat. Une attitude malsaine et l\u00e0, Gianni Infantino n\u2019est pas loin d\u2019infantiliser les Africains. A quoi donc a servi tout ce folklore d\u2019annonces de candidatures et de programmes de campagne \u00e0 grands renforts de publicit\u00e9 de candidats qui ont fait croire qu\u2019ils ont le meilleur profil pour diriger le football africain alors qu\u2019il n\u2019en \u00e9tait rien si ce n\u2019est pour mieux n\u00e9gocier un strapontin\u00a0?<\/em><\/p>\n<p class=\"c4\"><em>\u00a0<\/em><\/p>\n<p class=\"c6\"><strong><em>Les Africains de nouveau infantilis\u00e9s\u00a0!<\/em><\/strong><\/p>\n<p class=\"c4\"><em>\u00a0<\/em><\/p>\n<p class=\"c4\"><em>On pourrait s\u2019interroger sur ce qui fait tant courir le pr\u00e9sident de la FIFA comme s\u2019il \u00e9tait un des candidats \u00e0 la pr\u00e9sidence de la CAF. Et comme l\u2019Italo-Suisse ne peut pas l\u2019\u00eatre, il agit comme le colon en imposant son candidat qu\u2019il va pouvoir manipuler \u00e0 sa guise. Une attitude malsaine doubl\u00e9e d\u2019un paternalisme de mauvais aloi qui tend \u00e0 infantiliser les Africains comme \u00e0 l\u2019\u00e9poque coloniale et lors du partage du g\u00e2teau lors des ind\u00e9pendances. En tout cas, \u00e0 l\u2019allure o\u00f9 vont les choses, les Africains deviendront finalement des spectateurs d\u2019une alternative venant d\u2019ailleurs pour orienter le devenir de leur sport-roi. C\u2019est fou de savoir qu\u2019en ce 21<sup>e<\/sup> si\u00e8cle, les Africains n\u2019ont toujours pas pris leur destin en main et doivent, \u00e0 chaque fois, s\u2019en tenir au tutorat de la FIFA avant toute prise de d\u00e9cision. Est-ce la FIFA qui ma\u00eetrise \u00a0mieux les comp\u00e9tences existantes sur le continent que ses propres fils\u00a0? En fin de compte, c\u2019est \u00e0 une v\u00e9ritable danse macabre que nous assistons impuissants depuis peu et cela par la volont\u00e9 d\u2019un homme, Gianni Infantino, qui semble avoir en main, le destin de bon nombre de dirigeants du football africain. Mais, l\u2019Ivoirien Jacques Bernard Daniel Anouma ne veut pas participer \u00e0 cette mise en sc\u00e8ne et compte aller jusqu\u2019au bout pour laver son honneur, quitte \u00e0 ne pas \u00eatre le choix de la volont\u00e9 de la toute-puissante FIFA. Avec cette \u00e9lection \u00e0 la pr\u00e9sidence \u00e0 la CAF, nous avons l\u2019impression d\u2019\u00eatre dans un syst\u00e8me mafieux qui ne doit, selon la volont\u00e9 du pr\u00e9sident de la FIFA, \u00a0servir que des int\u00e9r\u00eats priv\u00e9s. Et pourtant, il y a encore une chance puisque les vrais d\u00e9cideurs de ce football africain sont les pr\u00e9sidents de f\u00e9d\u00e9rations qui ont le pouvoir d\u2019op\u00e9rer leur choix pour l\u2019int\u00e9r\u00eat du continent africain. Le 12 mars 2021 \u00e0 Rabat au Maroc, ils seront face \u00e0 leur destin afin de donner de ce continent, une image autre que celle d\u2019une sous-pr\u00e9fecture dirig\u00e9e par des mains ext\u00e9rieures aux desseins obscurs.<\/em><\/p>\n<p class=\"c4\"><em>\u00a0<\/em><\/p>\n<p class=\"c6\"><strong><em>Antoine BATTIONO\u00a0 \u00a0<\/em><\/strong><\/p>\n<p class=\"c6\"><strong><em>\u00a0<\/em><\/strong><\/p>\n<p class=\"c4\"><em>\u00a0<\/em><\/p>\n<p>Auteur: Editions LEPAYS<br \/>\n<a href=\"https:\/\/lepays.bf\/election-a-la-presidence-de-la-caf-4\/\">Cliquez ici pour lire l&rsquo;article depuis sa source.<\/a><\/p>\n","protected":false},"excerpt":{"rendered":"<p>La date fatidique du 12 mars 2021 retenue pour l\u2019\u00e9lection du pr\u00e9sident de la CAF approche \u00e0 grands pas et la campagne continue de battre son plein. D\u2019ailleurs, place est d\u00e9sormais faite aux grandes man\u0153uvres conduites par l\u2019Italo-Suisse, Gianni Infantino, pr\u00e9sident de la FIFA. En effet, ces derni\u00e8res semaines, ce dernier a pris son b\u00e2ton [&hellip;]<\/p>\n","protected":false},"author":1813,"featured_media":0,"comment_status":"closed","ping_status":"closed","sticky":false,"template":"","format":"standard","meta":{"fifu_image_url":"","fifu_image_alt":"","footnotes":""},"categories":[73,81],"tags":[],"class_list":["post-112422","post","type-post","status-publish","format-standard","hentry","category-actualite","category-burkina-faso"],"_links":{"self":[{"href":"https:\/\/linitiative.ca\/International\/wp-json\/wp\/v2\/posts\/112422","targetHints":{"allow":["GET"]}}],"collection":[{"href":"https:\/\/linitiative.ca\/International\/wp-json\/wp\/v2\/posts"}],"about":[{"href":"https:\/\/linitiative.ca\/International\/wp-json\/wp\/v2\/types\/post"}],"author":[{"embeddable":true,"href":"https:\/\/linitiative.ca\/International\/wp-json\/wp\/v2\/users\/1813"}],"replies":[{"embeddable":true,"href":"https:\/\/linitiative.ca\/International\/wp-json\/wp\/v2\/comments?post=112422"}],"version-history":[{"count":0,"href":"https:\/\/linitiative.ca\/International\/wp-json\/wp\/v2\/posts\/112422\/revisions"}],"wp:attachment":[{"href":"https:\/\/linitiative.ca\/International\/wp-json\/wp\/v2\/media?parent=112422"}],"wp:term":[{"taxonomy":"category","embeddable":true,"href":"https:\/\/linitiative.ca\/International\/wp-json\/wp\/v2\/categories?post=112422"},{"taxonomy":"post_tag","embeddable":true,"href":"https:\/\/linitiative.ca\/International\/wp-json\/wp\/v2\/tags?post=112422"}],"curies":[{"name":"wp","href":"https:\/\/api.w.org\/{rel}","templated":true}]}}