{"id":112424,"date":"2021-03-03T11:16:22","date_gmt":"2021-03-03T16:16:22","guid":{"rendered":"https:\/\/linitiative.ca\/International\/burkina-le-conseil-des-ministres-autorise-la-prorogation-du-mandat-de-conseils-municipaux\/"},"modified":"2021-03-03T11:16:22","modified_gmt":"2021-03-03T16:16:22","slug":"burkina-le-conseil-des-ministres-autorise-la-prorogation-du-mandat-de-conseils-municipaux","status":"publish","type":"post","link":"https:\/\/linitiative.ca\/International\/burkina-le-conseil-des-ministres-autorise-la-prorogation-du-mandat-de-conseils-municipaux\/","title":{"rendered":"Burkina\u00a0: Le Conseil des Ministres autorise la prorogation du mandat de conseils municipaux"},"content":{"rendered":"<div class=\"td-post-featured-image\"><a href=\"https:\/\/www.sidwaya.info\/wp-content\/uploads\/2021\/03\/arton95976.jpg\" data-caption=\"\"><img loading=\"lazy\" decoding=\"async\" width=\"696\" height=\"385\" class=\"entry-thumb td-modal-image\" src=\"https:\/\/www.sidwaya.info\/wp-content\/uploads\/2021\/03\/arton95976-696x385.jpg\" srcset=\"https:\/\/www.sidwaya.info\/wp-content\/uploads\/2021\/03\/arton95976-696x385.jpg 696w, https:\/\/www.sidwaya.info\/wp-content\/uploads\/2021\/03\/arton95976-300x166.jpg 300w, https:\/\/www.sidwaya.info\/wp-content\/uploads\/2021\/03\/arton95976-768x425.jpg 768w, https:\/\/www.sidwaya.info\/wp-content\/uploads\/2021\/03\/arton95976-150x83.jpg 150w, https:\/\/www.sidwaya.info\/wp-content\/uploads\/2021\/03\/arton95976-758x420.jpg 758w, https:\/\/www.sidwaya.info\/wp-content\/uploads\/2021\/03\/arton95976.jpg 800w\" sizes=\"auto, (max-width: 696px) 100vw, 696px\" alt=\"\" title=\"arton95976\"\/><\/a><\/div>\n<p>Le conseil des ministres tenu ce mercredi 3 mars 2021 a autoris\u00e9 un projet de loi portant prorogation du mandat des Conseils municipaux et r\u00e9gionaux de un an.<\/p>\n<p>A l\u2019issue de la rencontre, le porte parole du gouvernement, Ouss\u00e9ni Tamboura a pr\u00e9cis\u00e9 que ce projet de loi, dans les jours \u00e0 venir sera soumis pour adoption \u00e0 l\u2019Assembl\u00e9e nationale.<\/p>\n<p>Il a affirm\u00e9 que cette initiative a pour objectif de repousser d\u2019un an les \u00e9lections municipales afin d\u2019aller vers des \u00e9lections apais\u00e9es.<\/p>\n<p><strong>La R\u00e9daction<\/strong><\/p>\n<div class=\"td-a-rec td-a-rec-id-content_bottom tdi_33_3b6 td_block_template_1\">\n<p><img loading=\"lazy\" decoding=\"async\" class=\"aligncenter size-full wp-image-27454\" src=\"https:\/\/www.sidwaya.info\/wp-content\/uploads\/2020\/10\/PUB-Bandeau-paiement-mobile-siteweb.jpg\" alt=\"\" width=\"728\" height=\"90\"\/><\/div>\n<p>Auteur: Wamini SIDWAYA<br \/>\n<a href=\"https:\/\/www.sidwaya.info\/blog\/2021\/03\/03\/burkina-le-conseil-des-ministres-autorise-la-prorogation-du-mandat-de-conseils-municipaux\/\">Cliquez ici pour lire l&rsquo;article depuis sa source.<\/a><\/p>\n","protected":false},"excerpt":{"rendered":"<p>Le conseil des ministres tenu ce mercredi 3 mars 2021 a autoris\u00e9 un projet de loi portant prorogation du mandat des Conseils municipaux et r\u00e9gionaux de un an. A l\u2019issue de la rencontre, le porte parole du gouvernement, Ouss\u00e9ni Tamboura a pr\u00e9cis\u00e9 que ce projet de loi, dans les jours \u00e0 venir sera soumis pour [&hellip;]<\/p>\n","protected":false},"author":1816,"featured_media":0,"comment_status":"closed","ping_status":"closed","sticky":false,"template":"","format":"standard","meta":{"fifu_image_url":"https:\/\/www.sidwaya.info\/wp-content\/uploads\/2021\/03\/arton95976-696x385.jpg","fifu_image_alt":"Burkina\u00a0: Le Conseil des Ministres autorise la prorogation du mandat de conseils municipaux","footnotes":""},"categories":[73,81],"tags":[],"class_list":["post-112424","post","type-post","status-publish","format-standard","hentry","category-actualite","category-burkina-faso"],"_links":{"self":[{"href":"https:\/\/linitiative.ca\/International\/wp-json\/wp\/v2\/posts\/112424","targetHints":{"allow":["GET"]}}],"collection":[{"href":"https:\/\/linitiative.ca\/International\/wp-json\/wp\/v2\/posts"}],"about":[{"href":"https:\/\/linitiative.ca\/International\/wp-json\/wp\/v2\/types\/post"}],"author":[{"embeddable":true,"href":"https:\/\/linitiative.ca\/International\/wp-json\/wp\/v2\/users\/1816"}],"replies":[{"embeddable":true,"href":"https:\/\/linitiative.ca\/International\/wp-json\/wp\/v2\/comments?post=112424"}],"version-history":[{"count":0,"href":"https:\/\/linitiative.ca\/International\/wp-json\/wp\/v2\/posts\/112424\/revisions"}],"wp:attachment":[{"href":"https:\/\/linitiative.ca\/International\/wp-json\/wp\/v2\/media?parent=112424"}],"wp:term":[{"taxonomy":"category","embeddable":true,"href":"https:\/\/linitiative.ca\/International\/wp-json\/wp\/v2\/categories?post=112424"},{"taxonomy":"post_tag","embeddable":true,"href":"https:\/\/linitiative.ca\/International\/wp-json\/wp\/v2\/tags?post=112424"}],"curies":[{"name":"wp","href":"https:\/\/api.w.org\/{rel}","templated":true}]}}