{"id":112428,"date":"2021-03-03T08:18:02","date_gmt":"2021-03-03T13:18:02","guid":{"rendered":"https:\/\/linitiative.ca\/International\/senegal-arrivee-des-vaccins-astrazeneca\/"},"modified":"2021-03-03T08:18:02","modified_gmt":"2021-03-03T13:18:02","slug":"senegal-arrivee-des-vaccins-astrazeneca","status":"publish","type":"post","link":"https:\/\/linitiative.ca\/International\/senegal-arrivee-des-vaccins-astrazeneca\/","title":{"rendered":"S\u00e9n\u00e9gal : arriv\u00e9e des vaccins AstraZeneca"},"content":{"rendered":"<div readability=\"32\">\n<p>Publi\u00e9 le 03.03.2021 \u00e0 14h18 par APA News<\/p>\n<\/div>\n<div readability=\"72\">\n<p>Les premi\u00e8res doses de l\u2019initiative Covax ont \u00e9t\u00e9 r\u00e9ceptionn\u00e9es, t\u00f4t ce mercredi, \u00e0 l\u2019a\u00e9roport international Blaise Diagne de Diass situ\u00e9 \u00e0 une soixantaine de kilom\u00e8tres de Dakar.En ces temps de crise sanitaire mondiale, la r\u00e9ception de vaccins est un \u00e9v\u00e8nement. Gr\u00e2ce au dispositif de l\u2019Organisation Mondiale de la Sant\u00e9 (OMS), le S\u00e9n\u00e9gal a re\u00e7u un lot de 324.000 doses d\u2019AstraZeneca\/Oxford.<\/p>\n<p>Dimanche dernier, le ministre de la Sant\u00e9 et de l\u2019Action sociale, Abdoulaye Diouf Sarr, a r\u00e9ceptionn\u00e9 les consommables compos\u00e9s notamment de seringues et de bo\u00eetes de s\u00e9curit\u00e9. Ce jour-l\u00e0, Ir\u00e8ne Mingasson, l\u2019ambassadeur de l\u2019Union europ\u00e9enne (UE) \u00e0 Dakar, a d\u00e9clar\u00e9 que huit millions de doses sont destin\u00e9s au S\u00e9n\u00e9gal dans le cadre de l\u2019initiative Covax.<\/p>\n<p>A lire aussi: Covid-19 : une peur bleue du vaccin en Afrique<\/p>\n<p>A en croire les autorit\u00e9s sanitaires, \u00ab pr\u00e8s d\u2019un million de doses suppl\u00e9mentaires sont d\u00e9j\u00e0 pr\u00e9vues au cours du second trimestre 2021, et d\u2019autres vont suivre tout au long \u00bb de l\u2019ann\u00e9e.<\/p>\n<p>Au S\u00e9n\u00e9gal, la campagne nationale de vaccination a \u00e9t\u00e9 lanc\u00e9e, le 23 f\u00e9vrier dernier, avec 200.000 doses du vaccin chinois Sinopharm. Deux jours plus tard, le pr\u00e9sident Macky Sall s\u2019est fait vacciner au palais de la R\u00e9publique.<\/p>\n<p>A lire aussi: Covid-19 : le S\u00e9n\u00e9gal lance sa campagne de vaccination<\/p>\n<p>A ce jour, 39.938 personnes ont re\u00e7u leurs injections dans ce pays de 16 millions d\u2019habitants. L\u2019objectif de l\u2019initiative Covax est d\u2019assurer un acc\u00e8s \u00e9quitable aux vaccins dans le monde.<\/p>\n<\/div>\n<p>Auteur: APA News<br \/>\n<a href=\"https:\/\/www.journalducameroun.com\/senegal-arrivee-des-vaccins-astrazeneca\/\">Cliquez ici pour lire l&rsquo;article depuis sa source.<\/a><\/p>\n","protected":false},"excerpt":{"rendered":"<p>Publi\u00e9 le 03.03.2021 \u00e0 14h18 par APA News Les premi\u00e8res doses de l\u2019initiative Covax ont \u00e9t\u00e9 r\u00e9ceptionn\u00e9es, t\u00f4t ce mercredi, \u00e0 l\u2019a\u00e9roport international Blaise Diagne de Diass situ\u00e9 \u00e0 une soixantaine de kilom\u00e8tres de Dakar.En ces temps de crise sanitaire mondiale, la r\u00e9ception de vaccins est un \u00e9v\u00e8nement. Gr\u00e2ce au dispositif de l\u2019Organisation Mondiale de [&hellip;]<\/p>\n","protected":false},"author":1965,"featured_media":0,"comment_status":"closed","ping_status":"closed","sticky":false,"template":"","format":"standard","meta":{"fifu_image_url":"","fifu_image_alt":"","footnotes":""},"categories":[73,82],"tags":[],"class_list":["post-112428","post","type-post","status-publish","format-standard","hentry","category-actualite","category-cameroun"],"_links":{"self":[{"href":"https:\/\/linitiative.ca\/International\/wp-json\/wp\/v2\/posts\/112428","targetHints":{"allow":["GET"]}}],"collection":[{"href":"https:\/\/linitiative.ca\/International\/wp-json\/wp\/v2\/posts"}],"about":[{"href":"https:\/\/linitiative.ca\/International\/wp-json\/wp\/v2\/types\/post"}],"author":[{"embeddable":true,"href":"https:\/\/linitiative.ca\/International\/wp-json\/wp\/v2\/users\/1965"}],"replies":[{"embeddable":true,"href":"https:\/\/linitiative.ca\/International\/wp-json\/wp\/v2\/comments?post=112428"}],"version-history":[{"count":0,"href":"https:\/\/linitiative.ca\/International\/wp-json\/wp\/v2\/posts\/112428\/revisions"}],"wp:attachment":[{"href":"https:\/\/linitiative.ca\/International\/wp-json\/wp\/v2\/media?parent=112428"}],"wp:term":[{"taxonomy":"category","embeddable":true,"href":"https:\/\/linitiative.ca\/International\/wp-json\/wp\/v2\/categories?post=112428"},{"taxonomy":"post_tag","embeddable":true,"href":"https:\/\/linitiative.ca\/International\/wp-json\/wp\/v2\/tags?post=112428"}],"curies":[{"name":"wp","href":"https:\/\/api.w.org\/{rel}","templated":true}]}}