{"id":112429,"date":"2021-03-03T09:18:01","date_gmt":"2021-03-03T14:18:01","guid":{"rendered":"https:\/\/linitiative.ca\/International\/senegal-arrestation-dousmane-sonko\/"},"modified":"2021-03-03T09:18:01","modified_gmt":"2021-03-03T14:18:01","slug":"senegal-arrestation-dousmane-sonko","status":"publish","type":"post","link":"https:\/\/linitiative.ca\/International\/senegal-arrestation-dousmane-sonko\/","title":{"rendered":"S\u00e9n\u00e9gal : arrestation d\u2019Ousmane Sonko"},"content":{"rendered":"<div readability=\"32\">\n<p>Publi\u00e9 le 03.03.2021 \u00e0 15h18 par APA News<\/p>\n<\/div>\n<div readability=\"66\">\n<p>Le d\u00e9put\u00e9 de l\u2019opposition, qui se rendait au Palais de justice pour faire face au juge d\u2019instruction du 8e cabinet du Tribunal de Grande Instance de Dakar, a \u00e9t\u00e9 interpell\u00e9 par les forces de l\u2019ordre.Le t\u00eate-\u00e0-t\u00eate entre le magistrat du si\u00e8ge et le leader du parti Patriotes du S\u00e9n\u00e9gal pour le travail, l\u2019\u00e9thique et la fraternit\u00e9 (Pastef) \u00e9tait initialement attendu \u00e0 9 heures. Mais rien ne s\u2019est pass\u00e9 comme pr\u00e9vu.<\/p>\n<p>En effet, les forces de l\u2019ordre ont barr\u00e9 la route au cort\u00e8ge d\u2019Ousmane Sonko pour emp\u00eacher ses partisans de l\u2019accompagner. De la Cit\u00e9 Keur Gorgui o\u00f9 r\u00e9side l\u2019ancien Inspecteur des Imp\u00f4ts et Domaines \u00e0 Mermoz, le convoi du virulent opposant a \u00e9t\u00e9 ralenti par un impressionnant dispositif s\u00e9curitaire.<\/p>\n<p>A lire aussi: S\u00e9n\u00e9gal : \u00ab l\u2019affaire Sonko \u00bb simplifi\u00e9e<\/p>\n<p>Les forces de d\u00e9fense et de s\u00e9curit\u00e9 ont fait usage de gaz lacrymog\u00e8ne pour disperser tout rassemblement. Au bout de trois heures de blocage, le troisi\u00e8me de l\u2019\u00e9lection pr\u00e9sidentielle de 2019 est sorti de son v\u00e9hicule sur le rond-point Mermoz afin de discuter avec les forces de l\u2019ordre sous l\u2019assistance de ses avocats.<\/p>\n<p>Apr\u00e8s quelques minutes d\u2019\u00e9changes, Ousmane Sonko est embarqu\u00e9 par les forces de d\u00e9fense et de s\u00e9curit\u00e9 dans une voiture banalis\u00e9e. Il est poursuivi pour \u00ab trouble \u00e0 l\u2019ordre public et participation \u00e0 une marche non autoris\u00e9e \u00bb.<\/p>\n<p>A lire aussi: S\u00e9n\u00e9gal : Sonko, l\u2019opposant d\u00e9vot et le bruit de viol<\/p>\n<p>L\u2019\u00e9tau se resserre donc autour du d\u00e9put\u00e9 qui devait d\u00e9f\u00e9rer \u00e0 la convocation du juge d\u2019instruction du 8e cabinet pour \u00eatre entendu sur l\u2019accusation de \u00ab viols et menace de mort\u00a0\u00bb dont il fait l\u2019objet. La plaignante est une masseuse d\u2019un salon que fr\u00e9quentait Ousmane Sonko pour soulager des douleurs dorsales.<\/p>\n<\/div>\n<p>Auteur: APA News<br \/>\n<a href=\"https:\/\/www.journalducameroun.com\/senegal-arrestation-dousmane-sonko\/\">Cliquez ici pour lire l&rsquo;article depuis sa source.<\/a><\/p>\n","protected":false},"excerpt":{"rendered":"<p>Publi\u00e9 le 03.03.2021 \u00e0 15h18 par APA News Le d\u00e9put\u00e9 de l\u2019opposition, qui se rendait au Palais de justice pour faire face au juge d\u2019instruction du 8e cabinet du Tribunal de Grande Instance de Dakar, a \u00e9t\u00e9 interpell\u00e9 par les forces de l\u2019ordre.Le t\u00eate-\u00e0-t\u00eate entre le magistrat du si\u00e8ge et le leader du parti Patriotes [&hellip;]<\/p>\n","protected":false},"author":1965,"featured_media":0,"comment_status":"closed","ping_status":"closed","sticky":false,"template":"","format":"standard","meta":{"fifu_image_url":"","fifu_image_alt":"","footnotes":""},"categories":[73,82],"tags":[],"class_list":["post-112429","post","type-post","status-publish","format-standard","hentry","category-actualite","category-cameroun"],"_links":{"self":[{"href":"https:\/\/linitiative.ca\/International\/wp-json\/wp\/v2\/posts\/112429","targetHints":{"allow":["GET"]}}],"collection":[{"href":"https:\/\/linitiative.ca\/International\/wp-json\/wp\/v2\/posts"}],"about":[{"href":"https:\/\/linitiative.ca\/International\/wp-json\/wp\/v2\/types\/post"}],"author":[{"embeddable":true,"href":"https:\/\/linitiative.ca\/International\/wp-json\/wp\/v2\/users\/1965"}],"replies":[{"embeddable":true,"href":"https:\/\/linitiative.ca\/International\/wp-json\/wp\/v2\/comments?post=112429"}],"version-history":[{"count":0,"href":"https:\/\/linitiative.ca\/International\/wp-json\/wp\/v2\/posts\/112429\/revisions"}],"wp:attachment":[{"href":"https:\/\/linitiative.ca\/International\/wp-json\/wp\/v2\/media?parent=112429"}],"wp:term":[{"taxonomy":"category","embeddable":true,"href":"https:\/\/linitiative.ca\/International\/wp-json\/wp\/v2\/categories?post=112429"},{"taxonomy":"post_tag","embeddable":true,"href":"https:\/\/linitiative.ca\/International\/wp-json\/wp\/v2\/tags?post=112429"}],"curies":[{"name":"wp","href":"https:\/\/api.w.org\/{rel}","templated":true}]}}