{"id":112430,"date":"2021-03-03T10:59:57","date_gmt":"2021-03-03T15:59:57","guid":{"rendered":"https:\/\/linitiative.ca\/International\/covid-19-faux-pas-de-confinement-annonce-le-18-mars-2021-au-cameroun\/"},"modified":"2021-03-03T10:59:57","modified_gmt":"2021-03-03T15:59:57","slug":"covid-19-faux-pas-de-confinement-annonce-le-18-mars-2021-au-cameroun","status":"publish","type":"post","link":"https:\/\/linitiative.ca\/International\/covid-19-faux-pas-de-confinement-annonce-le-18-mars-2021-au-cameroun\/","title":{"rendered":"Covid-19 : faux, pas de confinement annonc\u00e9 le 18 mars 2021 au Cameroun"},"content":{"rendered":"<div readability=\"32\">\n<p>Publi\u00e9 le 03.03.2021 \u00e0 16h59 par Christian Djimadeu<\/p>\n<\/div>\n<div readability=\"59\">\n<h2 class=\"c9\">Un message trompeur circule sur la toile et laisse croire \u00e0 l\u2019opinion \u00a0que le Premier ministre Joseph Dion Ngute a d\u00e9cid\u00e9 d\u2019un confinement g\u00e9n\u00e9ral au courant de ce mois.<\/h2>\n<p class=\"c10\">\u00a0Faux, le gouvernement n\u2019a pas annonc\u00e9 de confinement le 18 mars 2021. Des internautes sans foi ni loi \u00a0distillent ce\u00a0 message fallacieux qui s\u00e8me la panique dans une cat\u00e9gorie de familles et lieux de service.<\/p>\n<p class=\"c10\">En effet, \u00e0 l\u2019approche du 18 mars 2021, date \u00e0 laquelle le pays se souviendra des mesures de restriction prises il y a exactement un an (18 mars 2020) pour \u00e9viter la propagation du Covid-19, ces internautes v\u00e9reux se servent des messages d\u2019alors, pour laisser pr\u00e9sager le retour en vigueur de toutes les pr\u00e9c\u00e9dentes mesures. La technique consiste \u00e0 supprimer l\u2019ann\u00e9e 2020 de leur message pour faire croire qu\u2019il s\u2019agit du 18 mars prochain.<\/p>\n<p class=\"c10\">A bien d\u2019endroits, cela suscite la confusion. En t\u00e9moigne la plainte d\u2019un g\u00e9rant d\u2019h\u00f4tel de la place qui d\u00e9plore la panique des clients ayant fait des r\u00e9servations r\u00e9servations de la salle de f\u00eate. \u00ab\u00a0<em>Quand d\u2019aucuns ne tardent \u00e0 verser les sommes dues pour la location de la salle, d\u2019autres demandent s\u2019il est possible de d\u00e9commander en attendant la pand\u00e9mie passe\u00a0<\/em>\u00bb, regrette-t-il.<\/p>\n<p class=\"c10\">La rumeur actuelle d\u00e9coule sans doute \u00a0de la r\u00e9surgence de la pand\u00e9mie. Le ministre de la Sant\u00e9 publique indique que la pand\u00e9mie regagne du terrain \u00e0 grande vitesse. Si bien que le taux d\u2019occupation des lits dans les h\u00f4pitaux est pass\u00e9 de 0,5 \u00e0 5%. Le gouvernement invite les populations \u00e0 respecter les mesures barri\u00e8res, mais n\u2019a aucunement d\u00e9cr\u00e9ter un quelconque confinement le 18 mars 2021.<\/p>\n<\/div>\n<p>Auteur: Christian DJIMADEU<br \/>\n<a href=\"https:\/\/www.journalducameroun.com\/covid-19-faux-pas-de-confinement-annonce-le-18-mars-2021-au-cameroun\/\">Cliquez ici pour lire l&rsquo;article depuis sa source.<\/a><\/p>\n","protected":false},"excerpt":{"rendered":"<p>Publi\u00e9 le 03.03.2021 \u00e0 16h59 par Christian Djimadeu Un message trompeur circule sur la toile et laisse croire \u00e0 l\u2019opinion \u00a0que le Premier ministre Joseph Dion Ngute a d\u00e9cid\u00e9 d\u2019un confinement g\u00e9n\u00e9ral au courant de ce mois. \u00a0Faux, le gouvernement n\u2019a pas annonc\u00e9 de confinement le 18 mars 2021. Des internautes sans foi ni loi [&hellip;]<\/p>\n","protected":false},"author":1965,"featured_media":0,"comment_status":"closed","ping_status":"closed","sticky":false,"template":"","format":"standard","meta":{"fifu_image_url":"","fifu_image_alt":"","footnotes":""},"categories":[73,82],"tags":[],"class_list":["post-112430","post","type-post","status-publish","format-standard","hentry","category-actualite","category-cameroun"],"_links":{"self":[{"href":"https:\/\/linitiative.ca\/International\/wp-json\/wp\/v2\/posts\/112430","targetHints":{"allow":["GET"]}}],"collection":[{"href":"https:\/\/linitiative.ca\/International\/wp-json\/wp\/v2\/posts"}],"about":[{"href":"https:\/\/linitiative.ca\/International\/wp-json\/wp\/v2\/types\/post"}],"author":[{"embeddable":true,"href":"https:\/\/linitiative.ca\/International\/wp-json\/wp\/v2\/users\/1965"}],"replies":[{"embeddable":true,"href":"https:\/\/linitiative.ca\/International\/wp-json\/wp\/v2\/comments?post=112430"}],"version-history":[{"count":0,"href":"https:\/\/linitiative.ca\/International\/wp-json\/wp\/v2\/posts\/112430\/revisions"}],"wp:attachment":[{"href":"https:\/\/linitiative.ca\/International\/wp-json\/wp\/v2\/media?parent=112430"}],"wp:term":[{"taxonomy":"category","embeddable":true,"href":"https:\/\/linitiative.ca\/International\/wp-json\/wp\/v2\/categories?post=112430"},{"taxonomy":"post_tag","embeddable":true,"href":"https:\/\/linitiative.ca\/International\/wp-json\/wp\/v2\/tags?post=112430"}],"curies":[{"name":"wp","href":"https:\/\/api.w.org\/{rel}","templated":true}]}}