{"id":112432,"date":"2021-03-03T15:18:02","date_gmt":"2021-03-03T20:18:02","guid":{"rendered":"https:\/\/linitiative.ca\/International\/covid-19-langola-receptionne-600-000-doses-de-covax\/"},"modified":"2021-03-03T15:18:02","modified_gmt":"2021-03-03T20:18:02","slug":"covid-19-langola-receptionne-600-000-doses-de-covax","status":"publish","type":"post","link":"https:\/\/linitiative.ca\/International\/covid-19-langola-receptionne-600-000-doses-de-covax\/","title":{"rendered":"Covid-19 : l\u2019Angola r\u00e9ceptionne 600 000 doses de Covax"},"content":{"rendered":"<div readability=\"32\">\n<p>Publi\u00e9 le 03.03.2021 \u00e0 21h18 par APA News<\/p>\n<\/div>\n<div readability=\"61\">\n<p>L\u2019Angola a re\u00e7u ce mercredi plus de 600 000 doses du vaccin d\u00e9velopp\u00e9 par Oxford\/Astrazeneca.Ce premier lot entre dans le dispositif Covax, l\u2019initiative de l\u2019Organisation Mondiale de la Sant\u00e9 (OMS) visant \u00e0 donner un acc\u00e8s \u00e9quitable aux pays \u00e0 revenu moyen et faible.<\/p>\n<p>\u00ab Nous esp\u00e9rons que, d\u2019ici fin juillet, nous pourrons, selon la promesse de Covax, recevoir les vaccins pour 20% de la population, comme promis. Le gouvernement a aussi ses propres initiatives. Nous nous occupons des acquisitions par d\u2019autres moyens. Nous avons un plan de vaccination flexible, assez ambitieux et nous esp\u00e9rons vacciner 53% de notre population en deux \u00e9tapes. Mais cela pourrait prendre un certain temps \u00bb, a d\u00e9clar\u00e9 la ministre angolaise de la Sant\u00e9, Silvia Lutucuta.<\/p>\n<p>La vaccination a d\u00e9but\u00e9 d\u00e8s l\u2019arriv\u00e9e du premier lot, puisque 50 personnes parmi lesquelles des professionnelles de la sant\u00e9 se sont vu administr\u00e9s les piq\u00fbres.\u00a0<\/p>\n<p>L\u2019occasion d\u2019inaugurer l\u2019entrep\u00f4t central des vaccins \u00e0 Luanda, la capitale angolaise.<\/p>\n<p>Plus de 200 millions de doses Astrazeneca\/Oxford, fabriqu\u00e9es en Cor\u00e9e du Sud et par le Serum Institute of India, seront livr\u00e9es d\u2019ici fin mai dans 142 pays gr\u00e2ce \u00e0 une op\u00e9ration logistique sans pr\u00e9c\u00e9dent.<\/p>\n<\/div>\n<p>Auteur: APA News<br \/>\n<a href=\"https:\/\/www.journalducameroun.com\/covid-19-langola-receptionne-600-000-doses-de-covax\/\">Cliquez ici pour lire l&rsquo;article depuis sa source.<\/a><\/p>\n","protected":false},"excerpt":{"rendered":"<p>Publi\u00e9 le 03.03.2021 \u00e0 21h18 par APA News L\u2019Angola a re\u00e7u ce mercredi plus de 600 000 doses du vaccin d\u00e9velopp\u00e9 par Oxford\/Astrazeneca.Ce premier lot entre dans le dispositif Covax, l\u2019initiative de l\u2019Organisation Mondiale de la Sant\u00e9 (OMS) visant \u00e0 donner un acc\u00e8s \u00e9quitable aux pays \u00e0 revenu moyen et faible. \u00ab Nous esp\u00e9rons que, [&hellip;]<\/p>\n","protected":false},"author":1965,"featured_media":0,"comment_status":"closed","ping_status":"closed","sticky":false,"template":"","format":"standard","meta":{"fifu_image_url":"","fifu_image_alt":"","footnotes":""},"categories":[73,82],"tags":[],"class_list":["post-112432","post","type-post","status-publish","format-standard","hentry","category-actualite","category-cameroun"],"_links":{"self":[{"href":"https:\/\/linitiative.ca\/International\/wp-json\/wp\/v2\/posts\/112432","targetHints":{"allow":["GET"]}}],"collection":[{"href":"https:\/\/linitiative.ca\/International\/wp-json\/wp\/v2\/posts"}],"about":[{"href":"https:\/\/linitiative.ca\/International\/wp-json\/wp\/v2\/types\/post"}],"author":[{"embeddable":true,"href":"https:\/\/linitiative.ca\/International\/wp-json\/wp\/v2\/users\/1965"}],"replies":[{"embeddable":true,"href":"https:\/\/linitiative.ca\/International\/wp-json\/wp\/v2\/comments?post=112432"}],"version-history":[{"count":0,"href":"https:\/\/linitiative.ca\/International\/wp-json\/wp\/v2\/posts\/112432\/revisions"}],"wp:attachment":[{"href":"https:\/\/linitiative.ca\/International\/wp-json\/wp\/v2\/media?parent=112432"}],"wp:term":[{"taxonomy":"category","embeddable":true,"href":"https:\/\/linitiative.ca\/International\/wp-json\/wp\/v2\/categories?post=112432"},{"taxonomy":"post_tag","embeddable":true,"href":"https:\/\/linitiative.ca\/International\/wp-json\/wp\/v2\/tags?post=112432"}],"curies":[{"name":"wp","href":"https:\/\/api.w.org\/{rel}","templated":true}]}}