{"id":112433,"date":"2021-03-03T14:52:23","date_gmt":"2021-03-03T19:52:23","guid":{"rendered":"https:\/\/linitiative.ca\/International\/la-bei-ouvre-une-ligne-de-credit-de-33-milliards-a-la-bdeac-pour-soutenir-les-economies-dafrique-centrale\/"},"modified":"2021-03-03T14:52:23","modified_gmt":"2021-03-03T19:52:23","slug":"la-bei-ouvre-une-ligne-de-credit-de-33-milliards-a-la-bdeac-pour-soutenir-les-economies-dafrique-centrale","status":"publish","type":"post","link":"https:\/\/linitiative.ca\/International\/la-bei-ouvre-une-ligne-de-credit-de-33-milliards-a-la-bdeac-pour-soutenir-les-economies-dafrique-centrale\/","title":{"rendered":"La BEI ouvre une ligne de cr\u00e9dit de 33 milliards \u00e0 la BDEAC pour soutenir les \u00e9conomies d\u2019Afrique centrale"},"content":{"rendered":"<p>Le Chef de la Repr\u00e9sentation de la Banque Europ\u00e9enne d\u2019Investissement (BEI) en Afrique Centrale, Nikolaos Miliniatis, a \u00e9t\u00e9 re\u00e7u le mardi 2 mars 2021 par le Pr\u00e9sident de la Banque de D\u00e9veloppement des Etats de l\u2019Afrique Centrale (Bdeac), Fortunato-Ofa Mbo Nchama. Les deux personnalit\u00e9s ont pass\u00e9 en revue les questions d\u2019int\u00e9r\u00eat mutuel relevant de la coop\u00e9ration qu\u2019entretiennent les deux institutions, dans le but de renforcer leur partenariat en vue d\u2019une action cordonn\u00e9e pour le d\u00e9veloppement de l\u2019Afrique Centrale.<\/p>\n<p><strong>Lire aussi<\/strong> : <a href=\"https:\/\/ecomatin.net\/marche-financier-la-bdeac-lance-un-emprunt-obligataire-de-100-milliards-de-fcfa\/\">March\u00e9 financier : la Bdeac lance un emprunt obligataire de 100 milliards de FCFA<\/a><\/p>\n<p>Au cours des \u00e9changes, ils a \u00e9t\u00e9 \u00e9voqu\u00e9 entre autres, la mise en place d\u2019un appui institutionnel et d\u2019une assistance technique en faveur de la Bdeac ; l\u2019octroi d\u2019une facilit\u00e9 \u00e0 fort impact dans les zones fragiles afin de pr\u00e9venir les conflits en Afrique Centrale ;\u00a0\u00a0aussi de la possibilit\u00e9 pour la BEI d\u2019entrer dans le capital de la Bdeac,\u00a0\u00a0et bien d\u2019autres initiatives destin\u00e9es \u00e0 renforcer la coop\u00e9ration entre les deux institutions.<\/p>\n<p><strong>Lire aussi<\/strong> : <a href=\"https:\/\/ecomatin.net\/marche-financier-la-bdeac-entre-en-bourse\/\">March\u00e9 financier : la BDEAC entre en bourse<\/a><\/p>\n<p>Il convient de souligner que la Bdeac et la BEI entretiennent d\u2019excellentes relations depuis plusieurs ann\u00e9es, et c\u2019est \u00e0 cet \u00e9gard qu\u2019un accord de financement pour un montant de 33 milliards de FCFA en faveur de la BDEAC est sign\u00e9 ce mercredi 03 mars 2021 entre les deux institutions. \u00ab\u00a0Cette ligne de cr\u00e9dit va participer \u00e0 la diversification des \u00e9conomies de la Sous-R\u00e9gion, \u00e0 travers le financement des projets du secteur priv\u00e9 issus des domaines aussi vari\u00e9s, que l\u2019industrie, l\u2019agro-industrie, l\u2019\u00e9ducation, l\u2019agriculture, la p\u00eache et le tourisme\u00a0\u00bb, renseigne le communiqu\u00e9 publi\u00e9 \u00e0 l\u2019issus des travaux.<\/p>\n<p>Au terme de cette s\u00e9ance de travail,\u00a0\u00a0le Pr\u00e9sident de la BDEAC s\u2019est r\u00e9joui de\u00a0\u00a0la disponibilit\u00e9 du Chef de la Repr\u00e9sentation de la Banque Europ\u00e9enne d\u2019Investissement (BEI) en Afrique Centrale, et\u00a0\u00a0son implication personnelle \u00e0 soutenir et accompagner la Bdeac dans la mise en \u0153uvre de son plan de d\u00e9veloppement.<\/p>\n<p><strong>Lire aussi<\/strong> : <a href=\"https:\/\/ecomatin.net\/marches-financiers-107-de-souscriptions-pour-lemprunt-obligataire-de-la-bdeac\/\">March\u00e9s financiers : 107% de souscriptions pour l\u2019emprunt obligataire de la Bdeac<\/a><\/p>\n<p>Auteur: Amina MALLOUM<br \/>\n<a href=\"https:\/\/ecomatin.net\/la-bei-ouvre-une-ligne-de-credit-de-33-milliards-a-la-bdeac-pour-soutenir-les-economies-dafrique-centrale\/\">Cliquez ici pour lire l&rsquo;article depuis sa source.<\/a><\/p>\n","protected":false},"excerpt":{"rendered":"<p>Le Chef de la Repr\u00e9sentation de la Banque Europ\u00e9enne d\u2019Investissement (BEI) en Afrique Centrale, Nikolaos Miliniatis, a \u00e9t\u00e9 re\u00e7u le mardi 2 mars 2021 par le Pr\u00e9sident de la Banque de D\u00e9veloppement des Etats de l\u2019Afrique Centrale (Bdeac), Fortunato-Ofa Mbo Nchama. Les deux personnalit\u00e9s ont pass\u00e9 en revue les questions d\u2019int\u00e9r\u00eat mutuel relevant de la [&hellip;]<\/p>\n","protected":false},"author":1969,"featured_media":0,"comment_status":"closed","ping_status":"closed","sticky":false,"template":"","format":"standard","meta":{"fifu_image_url":"","fifu_image_alt":"","footnotes":""},"categories":[82,78],"tags":[],"class_list":["post-112433","post","type-post","status-publish","format-standard","hentry","category-cameroun","category-economie"],"_links":{"self":[{"href":"https:\/\/linitiative.ca\/International\/wp-json\/wp\/v2\/posts\/112433","targetHints":{"allow":["GET"]}}],"collection":[{"href":"https:\/\/linitiative.ca\/International\/wp-json\/wp\/v2\/posts"}],"about":[{"href":"https:\/\/linitiative.ca\/International\/wp-json\/wp\/v2\/types\/post"}],"author":[{"embeddable":true,"href":"https:\/\/linitiative.ca\/International\/wp-json\/wp\/v2\/users\/1969"}],"replies":[{"embeddable":true,"href":"https:\/\/linitiative.ca\/International\/wp-json\/wp\/v2\/comments?post=112433"}],"version-history":[{"count":0,"href":"https:\/\/linitiative.ca\/International\/wp-json\/wp\/v2\/posts\/112433\/revisions"}],"wp:attachment":[{"href":"https:\/\/linitiative.ca\/International\/wp-json\/wp\/v2\/media?parent=112433"}],"wp:term":[{"taxonomy":"category","embeddable":true,"href":"https:\/\/linitiative.ca\/International\/wp-json\/wp\/v2\/categories?post=112433"},{"taxonomy":"post_tag","embeddable":true,"href":"https:\/\/linitiative.ca\/International\/wp-json\/wp\/v2\/tags?post=112433"}],"curies":[{"name":"wp","href":"https:\/\/api.w.org\/{rel}","templated":true}]}}