{"id":112436,"date":"2021-03-03T16:16:34","date_gmt":"2021-03-03T21:16:34","guid":{"rendered":"https:\/\/linitiative.ca\/International\/lunion-europeenne-va-debloquer-32-milliards-pour-appuyer-la-recherche-scientifique-dans-lespace-francophone\/"},"modified":"2021-03-03T16:16:34","modified_gmt":"2021-03-03T21:16:34","slug":"lunion-europeenne-va-debloquer-32-milliards-pour-appuyer-la-recherche-scientifique-dans-lespace-francophone","status":"publish","type":"post","link":"https:\/\/linitiative.ca\/International\/lunion-europeenne-va-debloquer-32-milliards-pour-appuyer-la-recherche-scientifique-dans-lespace-francophone\/","title":{"rendered":"L\u2019Union Europ\u00e9enne va d\u00e9bloquer 3,2 milliards pour appuyer la recherche scientifique dans l\u2019espace francophone"},"content":{"rendered":"<p>Mieux conna\u00eetre l\u2019Agence universitaire de la francophonie (AUF) et montrer sa force d\u2019adaptation et de r\u00e9silience \u00e9taient les objectifs du caf\u00e9-presse qui a r\u00e9uni ce 3 mars 2021 les organes de presse de la r\u00e9gion Afrique Centrale et Grands Lacs de l\u2019AUF autour du Directeur de l\u2019institution, le Pr Slim Khalbous. Caf\u00e9-presse plac\u00e9 sous le th\u00e8me \u00ab\u00a0l\u2019AUF et le d\u00e9fi de la transition num\u00e9rique en Afrique centrale et Grands lacs\u00a0\u00bb et sous la coordination de la Direction r\u00e9gionale Afrique centrale et Grands Lacs A\u00efssatou SY-Wonyu.<\/p>\n<p>L\u2019axe majeur de cette rencontre \u00e9tant l\u2019intervention de cet agr\u00e9g\u00e9 en Sciences de gestion s\u2019est articul\u00e9e sur deux points \u00e0 savoir, les orientations de l\u2019AUF pour l\u2019ann\u00e9e 2021 et les diff\u00e9rents projets qui vont meubler la R\u00e9gion Afrique centrale et Grands Lacs. Cette ann\u00e9e 2021, au sein de cet organisme sp\u00e9cialis\u00e9 dans la recherche francophone, est une ann\u00e9e assez sp\u00e9ciale. Elle mat\u00e9rialise non seulement son soixanti\u00e8me anniversaire mais durant celle-ci, l\u2019organisation va adopter sa strat\u00e9gie quadriennale 2021-2025. Strat\u00e9gie en cours d\u2019\u00e9criture par les cadres de l\u2019institution et qui sera adoss\u00e9e sur quatre piliers que sont\u00a0: le r\u00e9seautage, l\u2019employabilit\u00e9 des dipl\u00f4m\u00e9s, la formation des formateurs et une recherche-action plus approfondie.<\/p>\n<p><strong>Lire aussi<\/strong> : <a href=\"https:\/\/ecomatin.net\/aissatou-sy-wonyu-dirige-la-region-de-lafrique-centrale-et-grands-lacs-de-lauf\/\">A\u00efssatou SY-Wonyu, dirige la r\u00e9gion Afrique Centrale et Grands Lacs de l\u2019AUF<\/a><\/p>\n<p>Sa particularit\u00e9 vient aussi du fait que pour la premi\u00e8re fois, l\u2019AUF organise les assises de la francophonie scientifique \u00e0 Bucarest en Roumanie. Assises qui se tiendront en marge de son Assembl\u00e9e g\u00e9n\u00e9rale annuelle. Au cours de cette assisse, il est pr\u00e9vu la pr\u00e9sentation du livre blanc de la francophonie qui est une sorte de bilan de l\u2019Etat actuel de la recherche francophone et discuter des diff\u00e9rents points sur lesquels seront fond\u00e9s la strat\u00e9gie 2021-2025.<\/p>\n<p>Sur le second volet portant sur les perspectives qui attendent la r\u00e9gion Afrique Centrale et des Grands Lacs, le Pr Slim Khalbous, fait savoir qu\u2019il est envisag\u00e9 un renforcement du r\u00e9seau AUF, ceci en am\u00e9liorant la version des Campus num\u00e9rique \u00e0 une version 5.0. Cette nouvelle version comportera l\u2019introduction d\u2019une intelligence artificielle. L\u2019AUF entend aussi \u00e9tendre \u00e0 une soixantaine son r\u00e9seau num\u00e9rique. Avec pour but de cr\u00e9er la premi\u00e8re plateforme num\u00e9rique collaborative dans le monde d\u00e9di\u00e9e \u00e0 la recherche, d\u00e9senclaver la r\u00e9gion et \u00e9viter la fuite des cerveaux.\u00a0A cela s\u2019ajoute la mise sur pied en collaboration avec l\u2019Union europ\u00e9enne d\u2019un fonds de recherche de 5 millions d\u2019euros soit \u00e0 peu pr\u00e8s 3,275 milliards de FCFA, qui sera utilis\u00e9 sur quatre ans dans l\u2019objectif de d\u00e9velopper la recherche-action dans les pays d\u2019impl\u00e9mentation.<\/p>\n<p><strong>Employabilit\u00e9\u00a0\u00a0\u00a0\u00a0\u00a0\u00a0\u00a0\u00a0\u00a0\u00a0\u00a0\u00a0\u00a0\u00a0\u00a0\u00a0\u00a0\u00a0\u00a0\u00a0\u00a0\u00a0\u00a0\u00a0\u00a0\u00a0\u00a0\u00a0\u00a0\u00a0\u00a0\u00a0\u00a0\u00a0\u00a0\u00a0\u00a0\u00a0\u00a0\u00a0\u00a0\u00a0\u00a0\u00a0\u00a0\u00a0\u00a0\u00a0\u00a0\u00a0\u00a0\u00a0\u00a0\u00a0\u00a0\u00a0\u00a0\u00a0\u00a0\u00a0\u00a0\u00a0\u00a0\u00a0<\/strong><\/p>\n<p>Le volet emploi n\u2019est pas en marge des politiques de l\u2019AUF durant cette ann\u00e9e. Il est pr\u00e9vu la mise sur pied de Centre d\u2019employabilit\u00e9 francophone (CEF) dans les universit\u00e9s d\u2019impl\u00e9mentation, afin de permettre une pr\u00e9paration, un accompagnement et une pr\u00e9-incubation des \u00e9tudiants. A cela, l\u2019AUF, compte y greffer une formation compl\u00e9mentaire propos\u00e9e avant la diplomation des jeunes qui inclut une collaboration entre les b\u00e9n\u00e9ficiaires et les employeurs. L\u2019organe entend ainsi d\u00e9velopper le label \u00ab\u00a0\u00e9tudiants entrepreneurs\u00a0\u00bb et l\u2019approche comp\u00e9tences m\u00e9tiers pas tr\u00e8s d\u00e9velopp\u00e9 sur le continent.<\/p>\n<p><strong>Lire aussi<\/strong> : <a href=\"https:\/\/ecomatin.net\/lauf-finance-7-projets-camerounais-de-lutte-contre-le-coronavirus\/\">L\u2019AUF finance 7 projets camerounais de lutte contre le Coronavirus<\/a><\/p>\n<p>Pour rappel, l\u2019Agence universitaire de la Francophonie est le premier r\u00e9seau universitaire au monde avec 1007 \u00e9tablissements membres dans 119 pays et 59 implantations r\u00e9parties sur les cinq continents. Cr\u00e9\u00e9 il\u00a0\u00a0y\u2019a soixante ans, l\u2019AUF intervient dans de nombreux domaines comme la formation, la recherche, le num\u00e9rique, la gouvernance universitaire, l\u2019entrepreneuriat et l\u2019employabilit\u00e9 des \u00e9tudiants, ou encore le d\u00e9veloppement durable. La r\u00e9gion Afrique centrale et Grands Lacs est constitu\u00e9e du Burundi, Cameroun, Congo, Gabon, R\u00e9publique Centrafricaine, R\u00e9publique d\u00e9mocratique du Congo et du Tchad.<\/p>\n<p>Auteur: Cindy MBALA<br \/>\n<a href=\"https:\/\/ecomatin.net\/lunion-europeenne-va-debloquer-32-milliards-pour-appuyer-la-recherche-scientifique-dans-lespace-francophone\/\">Cliquez ici pour lire l&rsquo;article depuis sa source.<\/a><\/p>\n","protected":false},"excerpt":{"rendered":"<p>Mieux conna\u00eetre l\u2019Agence universitaire de la francophonie (AUF) et montrer sa force d\u2019adaptation et de r\u00e9silience \u00e9taient les objectifs du caf\u00e9-presse qui a r\u00e9uni ce 3 mars 2021 les organes de presse de la r\u00e9gion Afrique Centrale et Grands Lacs de l\u2019AUF autour du Directeur de l\u2019institution, le Pr Slim Khalbous. Caf\u00e9-presse plac\u00e9 sous le [&hellip;]<\/p>\n","protected":false},"author":1969,"featured_media":0,"comment_status":"closed","ping_status":"closed","sticky":false,"template":"","format":"standard","meta":{"fifu_image_url":"","fifu_image_alt":"","footnotes":""},"categories":[82,78],"tags":[],"class_list":["post-112436","post","type-post","status-publish","format-standard","hentry","category-cameroun","category-economie"],"_links":{"self":[{"href":"https:\/\/linitiative.ca\/International\/wp-json\/wp\/v2\/posts\/112436","targetHints":{"allow":["GET"]}}],"collection":[{"href":"https:\/\/linitiative.ca\/International\/wp-json\/wp\/v2\/posts"}],"about":[{"href":"https:\/\/linitiative.ca\/International\/wp-json\/wp\/v2\/types\/post"}],"author":[{"embeddable":true,"href":"https:\/\/linitiative.ca\/International\/wp-json\/wp\/v2\/users\/1969"}],"replies":[{"embeddable":true,"href":"https:\/\/linitiative.ca\/International\/wp-json\/wp\/v2\/comments?post=112436"}],"version-history":[{"count":0,"href":"https:\/\/linitiative.ca\/International\/wp-json\/wp\/v2\/posts\/112436\/revisions"}],"wp:attachment":[{"href":"https:\/\/linitiative.ca\/International\/wp-json\/wp\/v2\/media?parent=112436"}],"wp:term":[{"taxonomy":"category","embeddable":true,"href":"https:\/\/linitiative.ca\/International\/wp-json\/wp\/v2\/categories?post=112436"},{"taxonomy":"post_tag","embeddable":true,"href":"https:\/\/linitiative.ca\/International\/wp-json\/wp\/v2\/tags?post=112436"}],"curies":[{"name":"wp","href":"https:\/\/api.w.org\/{rel}","templated":true}]}}