{"id":112439,"date":"2021-03-04T10:31:26","date_gmt":"2021-03-04T15:31:26","guid":{"rendered":"https:\/\/linitiative.ca\/International\/masterclass-de-sufi-heritage\/"},"modified":"2021-03-04T10:31:26","modified_gmt":"2021-03-04T15:31:26","slug":"masterclass-de-sufi-heritage","status":"publish","type":"post","link":"https:\/\/linitiative.ca\/International\/masterclass-de-sufi-heritage\/","title":{"rendered":"Masterclass de \u00abSufi Heritage\u00bb"},"content":{"rendered":"<header>\n<div class=\"entry-post-meta\">\n<div class=\"author-link\">Publi\u00e9 par <a itemprop=\"author\" itemscope=\"itemscope\" itemtype=\"https:\/\/schema.org\/Person\" href=\"https:\/\/aujourdhui.ma\/author\/blio\" rel=\"author\"><span itemprop=\"name\">ALM<\/span><\/a><\/div>\n<p>Date\u00a0:<time content=\"2021-03-04T16:31:26+01:00\" class=\"entry-date updated\" datetime=\"2021-03-04T16:31:26+01:00\">mars 04, 2021<\/time><\/p>\n<div class=\"entry-cat\">dans:<a href=\"https:\/\/aujourdhui.ma\/category\/culture\" rel=\"category tag\">Culture<\/a><\/div>\n<p>20Vues<\/p>\n<\/div>\n<\/header>\n<div class=\"entry-content clearfix\" readability=\"55\">\n<figure class=\"post-thumbnail\" itemprop=\"associatedMedia\" itemscope=\"itemscope\" itemtype=\"http:\/\/schema.org\/ImageObject\"><img decoding=\"async\" class=\"post_layout_5_img\" src=\"http:\/\/aujourdhui.ma\/wp-content\/uploads\/2019\/09\/Sufi-dance-Festival-de-Sama\u0302a-et-de-la-musique-sacre\u0301e-au-Caire.jpg\" alt=\"Masterclass de \u00abSufi Heritage\u00bb\"\/><\/figure>\n<p><span class=\"c5\"><strong>L\u2019ann\u00e9e 2021 est l\u2019occasion, pour la plate-forme Sufi Heritage du festival de F\u00e8s de la culture soufie, de lancer le programme de Masterclass.<\/strong><\/span><span id=\"more-370029\"\/><\/p>\n<p>Un programme riche comportant pr\u00e8s de 20 Masterclass comme le pr\u00e9cise cette association. \u00abAvec l\u2019intervention de sp\u00e9cialistes de divers aspects de la culture soufie ; Kudsi Erg\u00fcner, Fran\u00e7oise Atlan, Jean During, Denis Gril ou Faouzi Skali\u2026 Chacun des conf\u00e9renciers abordant des th\u00e8mes propres \u00e0 leurs domaines de recherche et d\u2019enseignement. Nous serions heureux de vous compter parmi nous et de partager ensemble ces moments de ressourcement culturel et spirituel\u00bb, exalte la m\u00eame source. Le tout en donnant rendez-vous sur le site de la plate-forme Sufi Heritage : www.sufi-heritage.com Comme le d\u00e9taille la m\u00eame source, les modalit\u00e9s d\u2019inscription, le programme, les rediffusions en ligne ainsi que le lien des vid\u00e9oconf\u00e9rences en Live s\u2019y trouvent.<\/p>\n<p>Pour rappel, la mission de Sufi Heritage consiste non seulement \u00e0 pr\u00e9server la culture soufie, mais en m\u00eame temps \u00e0 la faire vivre \u00e0 travers des enseignements de masterclass d\u2019une fa\u00e7on continue. Aussi, la plate-forme constitue non seulement un espace de vie culturel et spirituel mais aussi un incubateur de sagesse pour les g\u00e9n\u00e9rations \u00e0 venir.<\/p>\n<\/div>\n<p>Auteur: ALM<br \/>\n<a href=\"https:\/\/aujourdhui.ma\/culture\/masterclass-de-sufi-heritage\">Cliquez ici pour lire l&rsquo;article depuis sa source.<\/a><\/p>\n","protected":false},"excerpt":{"rendered":"<p>Publi\u00e9 par ALM Date\u00a0:mars 04, 2021 dans:Culture 20Vues L\u2019ann\u00e9e 2021 est l\u2019occasion, pour la plate-forme Sufi Heritage du festival de F\u00e8s de la culture soufie, de lancer le programme de Masterclass. Un programme riche comportant pr\u00e8s de 20 Masterclass comme le pr\u00e9cise cette association. \u00abAvec l\u2019intervention de sp\u00e9cialistes de divers aspects de la culture soufie [&hellip;]<\/p>\n","protected":false},"author":1759,"featured_media":0,"comment_status":"closed","ping_status":"closed","sticky":false,"template":"","format":"standard","meta":{"fifu_image_url":"http:\/\/aujourdhui.ma\/wp-content\/uploads\/2019\/09\/Sufi-dance-Festival-de-Sama\u0302a-et-de-la-musique-sacre\u0301e-au-Caire.jpg","fifu_image_alt":"Masterclass de \u00abSufi Heritage\u00bb","footnotes":""},"categories":[73,54],"tags":[],"class_list":["post-112439","post","type-post","status-publish","format-standard","hentry","category-actualite","category-maroc"],"_links":{"self":[{"href":"https:\/\/linitiative.ca\/International\/wp-json\/wp\/v2\/posts\/112439","targetHints":{"allow":["GET"]}}],"collection":[{"href":"https:\/\/linitiative.ca\/International\/wp-json\/wp\/v2\/posts"}],"about":[{"href":"https:\/\/linitiative.ca\/International\/wp-json\/wp\/v2\/types\/post"}],"author":[{"embeddable":true,"href":"https:\/\/linitiative.ca\/International\/wp-json\/wp\/v2\/users\/1759"}],"replies":[{"embeddable":true,"href":"https:\/\/linitiative.ca\/International\/wp-json\/wp\/v2\/comments?post=112439"}],"version-history":[{"count":0,"href":"https:\/\/linitiative.ca\/International\/wp-json\/wp\/v2\/posts\/112439\/revisions"}],"wp:attachment":[{"href":"https:\/\/linitiative.ca\/International\/wp-json\/wp\/v2\/media?parent=112439"}],"wp:term":[{"taxonomy":"category","embeddable":true,"href":"https:\/\/linitiative.ca\/International\/wp-json\/wp\/v2\/categories?post=112439"},{"taxonomy":"post_tag","embeddable":true,"href":"https:\/\/linitiative.ca\/International\/wp-json\/wp\/v2\/tags?post=112439"}],"curies":[{"name":"wp","href":"https:\/\/api.w.org\/{rel}","templated":true}]}}