{"id":112441,"date":"2021-03-04T11:33:18","date_gmt":"2021-03-04T16:33:18","guid":{"rendered":"https:\/\/linitiative.ca\/International\/prix-international-du-roman-arabe-deux-ecrivains-marocains-en-lice\/"},"modified":"2021-03-04T11:33:18","modified_gmt":"2021-03-04T16:33:18","slug":"prix-international-du-roman-arabe-deux-ecrivains-marocains-en-lice","status":"publish","type":"post","link":"https:\/\/linitiative.ca\/International\/prix-international-du-roman-arabe-deux-ecrivains-marocains-en-lice\/","title":{"rendered":"Prix international du roman arabe  : Deux \u00e9crivains marocains en lice"},"content":{"rendered":"<header>\n<div class=\"entry-post-meta\">\n<div class=\"author-link\">Publi\u00e9 par <a itemprop=\"author\" itemscope=\"itemscope\" itemtype=\"https:\/\/schema.org\/Person\" href=\"https:\/\/aujourdhui.ma\/author\/blio\" rel=\"author\"><span itemprop=\"name\">ALM<\/span><\/a><\/div>\n<p>Date\u00a0:<time content=\"2021-03-04T17:33:18+01:00\" class=\"entry-date updated\" datetime=\"2021-03-04T17:33:18+01:00\">mars 04, 2021<\/time><\/p>\n<div class=\"entry-cat\">dans:<a href=\"https:\/\/aujourdhui.ma\/category\/culture\" rel=\"category tag\">Culture<\/a><\/div>\n<p>2Vues<\/p>\n<\/div>\n<\/header>\n<div class=\"entry-content clearfix\" readability=\"46\">\n<figure class=\"post-thumbnail\" itemprop=\"associatedMedia\" itemscope=\"itemscope\" itemtype=\"http:\/\/schema.org\/ImageObject\"><img decoding=\"async\" class=\"post_layout_5_img\" src=\"http:\/\/aujourdhui.ma\/wp-content\/uploads\/2021\/03\/Prix-international-du-roman-arabe-Deux-ecrivains-marocains-en-lice.jpg\" alt=\"Prix international du roman arabe : Deux \u00e9crivains marocains en lice\"\/><\/figure>\n<p><span class=\"c5\"><strong>La direction du Prix international du roman arabe \u00abBooker\u00bb a annonc\u00e9 la liste des romans nomin\u00e9s pour l\u2019\u00e9dition 2021, dont deux oeuvres d\u2019\u00e9crivains marocains.<\/strong><\/span><span id=\"more-370031\"\/><\/p>\n<p>Dans un communiqu\u00e9, les organisateurs du prix pr\u00e9cisent que la liste des nomin\u00e9s comprend 16 romans, dont \u00abLe dossier 42\u00bb d\u2019Abdelmajid Sebbata, \u00e9dit\u00e9 par le Centre culturel arabe, et \u00abVie des papillons\u00bb de Youssef Fadel, paru aux \u00abpublications m\u00e9diterran\u00e9ennes\u00bb. Les 16 romans nomin\u00e9s et publi\u00e9s durant la p\u00e9riode allant de juillet 2019 \u00e0 ao\u00fbt 2020, ont \u00e9t\u00e9 s\u00e9lectionn\u00e9s sur un total de 121 romans en lice pour d\u00e9crocher ce prix dot\u00e9 d\u2019une enveloppe de 50.000 dollars US, souligne le communiqu\u00e9.<\/p>\n<\/div>\n<p>Auteur: ALM<br \/>\n<a href=\"https:\/\/aujourdhui.ma\/culture\/prix-international-du-roman-arabe-deux-ecrivains-marocains-en-lice\">Cliquez ici pour lire l&rsquo;article depuis sa source.<\/a><\/p>\n","protected":false},"excerpt":{"rendered":"<p>Publi\u00e9 par ALM Date\u00a0:mars 04, 2021 dans:Culture 2Vues La direction du Prix international du roman arabe \u00abBooker\u00bb a annonc\u00e9 la liste des romans nomin\u00e9s pour l\u2019\u00e9dition 2021, dont deux oeuvres d\u2019\u00e9crivains marocains. Dans un communiqu\u00e9, les organisateurs du prix pr\u00e9cisent que la liste des nomin\u00e9s comprend 16 romans, dont \u00abLe dossier 42\u00bb d\u2019Abdelmajid Sebbata, \u00e9dit\u00e9 [&hellip;]<\/p>\n","protected":false},"author":1759,"featured_media":0,"comment_status":"closed","ping_status":"closed","sticky":false,"template":"","format":"standard","meta":{"fifu_image_url":"http:\/\/aujourdhui.ma\/wp-content\/uploads\/2021\/03\/Prix-international-du-roman-arabe-Deux-ecrivains-marocains-en-lice.jpg","fifu_image_alt":"Prix international du roman arabe  : Deux \u00e9crivains marocains en lice","footnotes":""},"categories":[73,54],"tags":[],"class_list":["post-112441","post","type-post","status-publish","format-standard","hentry","category-actualite","category-maroc"],"_links":{"self":[{"href":"https:\/\/linitiative.ca\/International\/wp-json\/wp\/v2\/posts\/112441","targetHints":{"allow":["GET"]}}],"collection":[{"href":"https:\/\/linitiative.ca\/International\/wp-json\/wp\/v2\/posts"}],"about":[{"href":"https:\/\/linitiative.ca\/International\/wp-json\/wp\/v2\/types\/post"}],"author":[{"embeddable":true,"href":"https:\/\/linitiative.ca\/International\/wp-json\/wp\/v2\/users\/1759"}],"replies":[{"embeddable":true,"href":"https:\/\/linitiative.ca\/International\/wp-json\/wp\/v2\/comments?post=112441"}],"version-history":[{"count":0,"href":"https:\/\/linitiative.ca\/International\/wp-json\/wp\/v2\/posts\/112441\/revisions"}],"wp:attachment":[{"href":"https:\/\/linitiative.ca\/International\/wp-json\/wp\/v2\/media?parent=112441"}],"wp:term":[{"taxonomy":"category","embeddable":true,"href":"https:\/\/linitiative.ca\/International\/wp-json\/wp\/v2\/categories?post=112441"},{"taxonomy":"post_tag","embeddable":true,"href":"https:\/\/linitiative.ca\/International\/wp-json\/wp\/v2\/tags?post=112441"}],"curies":[{"name":"wp","href":"https:\/\/api.w.org\/{rel}","templated":true}]}}