{"id":112442,"date":"2021-03-04T09:24:06","date_gmt":"2021-03-04T14:24:06","guid":{"rendered":"https:\/\/linitiative.ca\/International\/sofiane-diop-le-nouveau-dossier-chaud-de-vahid\/"},"modified":"2021-03-04T09:24:06","modified_gmt":"2021-03-04T14:24:06","slug":"sofiane-diop-le-nouveau-dossier-chaud-de-vahid","status":"publish","type":"post","link":"https:\/\/linitiative.ca\/International\/sofiane-diop-le-nouveau-dossier-chaud-de-vahid\/","title":{"rendered":"Sofiane Diop, le nouveau dossier chaud de Vahid !"},"content":{"rendered":"<p class=\"c1\"><strong>Par Oussama Zidouhia<\/strong><\/p>\n<p><strong>N\u00e9 le 9 juin 2000 \u00e0 Tours, la jeune p\u00e9pite d\u2019origine marocaine Sofiane Diop affole la Ligue 1 en offrant, malgr\u00e9 son jeune \u00e2ge (20 ans) des performances de grande classe avec l\u2019AS Monaco.<\/strong><\/p>\n<p>Form\u00e9 au Stade rennais, le milieu offensif a sign\u00e9 son premier contrat professionnel le 29 juin 2018 avec l\u2019ASM, d\u00e9butant pour le club de la principaut\u00e9 le 4 ao\u00fbt 2018 lors du Troph\u00e9e des champions contre le Paris Saint-Germain. Le 12 septembre 2019, il est pr\u00eat\u00e9 pour une saison au FC Sochaux-Montb\u00e9liard avant de revenir de son pr\u00eat en ao\u00fbt 2020.<\/p>\n<p>Ecart\u00e9 initialement du groupe professionnel, il est vite rep\u00e9r\u00e9 par le nouvel entra\u00eeneur Niko Kova\u010d avec lequel il signe un excellent d\u00e9but de saison en participant \u00e0 tous les matches, avec de r\u00e9els progr\u00e8s \u00e0 la finition.<\/p>\n<p>Cette saison, le petit meneur de jeu a particip\u00e9 \u00e0 28 rencontres toutes comp\u00e9titions confondues, avec 6 buts \u00e0 la cl\u00e9 en championnat fran\u00e7ais.<\/p>\n<p>Ayant d\u00e9j\u00e0 port\u00e9 les couleurs de l\u2019\u00e9quipe de France en U18, U19 et U20, Sofiane Diop se retrouve au milieu d\u2019une bataille opposant le S\u00e9n\u00e9gal, la France et le Maroc.<\/p>\n<p>Le petit prodige aurait r\u00e9cemment tap\u00e9 dans l\u2019\u0153il de Vahid Halilhodzic. Ce dernier aurait urg\u00e9 la FRFM d\u2019avancer ses pions afin de cl\u00f4turer ce dossier.<\/p>\n<p>Dans un entretien avec Onze Mondial, Diop s\u2019est confi\u00e9 sur ses origines, en partageant quelques souvenirs de son enfance au passage\u00a0: \u00ab Mon p\u00e8re est d\u2019origine s\u00e9n\u00e9galaise et ma m\u00e8re marocaine. La famille de ma m\u00e8re vit en France. Donc je les voyais quasiment tous les week-ends contrairement \u00e0 la famille de mon p\u00e8re qui se trouve au S\u00e9n\u00e9gal. Du coup, mon p\u00e8re m\u2019envoyait souvent seul au S\u00e9n\u00e9gal, pendant les vacances d\u2019\u00e9t\u00e9, car il travaillait et n\u2019avait pas le temps. \u00c7a m\u2019a aid\u00e9. Du coup, j\u2019avais forc\u00e9ment plus de facilit\u00e9 \u00e0 m\u2019\u00e9loigner d\u2019eux \u00bb.<\/p>\n<p>Le milieu de l\u2019AS Monaco pourrait tr\u00e8s bien \u00eatre la nouvelle surprise de Vahid lors des prochaines rencontres de la 5\u00e8me et 6\u00e8me journ\u00e9e des \u00e9liminatoires de la Coupe d\u2019Afrique des Nations Cameroun 2022. Pour rappel, le Maroc aura comme adversaire la Mauritanie (27 mars) et le Burundi (30 mars).<\/p>\n<p>L\u2019attaquant du FC S\u00e9ville Munir El Haddadi devrait d\u00e9buter pour la premi\u00e8re fois sous le maillot de la s\u00e9lection nationale le 27 mars.<\/p>\n<p>Auteur: M&rsquo;hammed rahal<br \/>\n<a href=\"http:\/\/albayane.press.ma\/sofiane-diop-le-nouveau-dossier-chaud-de-vahid.html\">Cliquez ici pour lire l&rsquo;article depuis sa source.<\/a><\/p>\n","protected":false},"excerpt":{"rendered":"<p>Par Oussama Zidouhia N\u00e9 le 9 juin 2000 \u00e0 Tours, la jeune p\u00e9pite d\u2019origine marocaine Sofiane Diop affole la Ligue 1 en offrant, malgr\u00e9 son jeune \u00e2ge (20 ans) des performances de grande classe avec l\u2019AS Monaco. Form\u00e9 au Stade rennais, le milieu offensif a sign\u00e9 son premier contrat professionnel le 29 juin 2018 avec [&hellip;]<\/p>\n","protected":false},"author":1760,"featured_media":0,"comment_status":"closed","ping_status":"closed","sticky":false,"template":"","format":"standard","meta":{"fifu_image_url":"","fifu_image_alt":"","footnotes":""},"categories":[73,54],"tags":[],"class_list":["post-112442","post","type-post","status-publish","format-standard","hentry","category-actualite","category-maroc"],"_links":{"self":[{"href":"https:\/\/linitiative.ca\/International\/wp-json\/wp\/v2\/posts\/112442","targetHints":{"allow":["GET"]}}],"collection":[{"href":"https:\/\/linitiative.ca\/International\/wp-json\/wp\/v2\/posts"}],"about":[{"href":"https:\/\/linitiative.ca\/International\/wp-json\/wp\/v2\/types\/post"}],"author":[{"embeddable":true,"href":"https:\/\/linitiative.ca\/International\/wp-json\/wp\/v2\/users\/1760"}],"replies":[{"embeddable":true,"href":"https:\/\/linitiative.ca\/International\/wp-json\/wp\/v2\/comments?post=112442"}],"version-history":[{"count":0,"href":"https:\/\/linitiative.ca\/International\/wp-json\/wp\/v2\/posts\/112442\/revisions"}],"wp:attachment":[{"href":"https:\/\/linitiative.ca\/International\/wp-json\/wp\/v2\/media?parent=112442"}],"wp:term":[{"taxonomy":"category","embeddable":true,"href":"https:\/\/linitiative.ca\/International\/wp-json\/wp\/v2\/categories?post=112442"},{"taxonomy":"post_tag","embeddable":true,"href":"https:\/\/linitiative.ca\/International\/wp-json\/wp\/v2\/tags?post=112442"}],"curies":[{"name":"wp","href":"https:\/\/api.w.org\/{rel}","templated":true}]}}