{"id":112443,"date":"2021-03-04T09:25:43","date_gmt":"2021-03-04T14:25:43","guid":{"rendered":"https:\/\/linitiative.ca\/International\/%ef%bb%bfjacques-anouma-le-consensus-autour-de-motsepe-pas-trop-democratique\/"},"modified":"2021-03-04T09:25:43","modified_gmt":"2021-03-04T14:25:43","slug":"%ef%bb%bfjacques-anouma-le-consensus-autour-de-motsepe-pas-trop-democratique","status":"publish","type":"post","link":"https:\/\/linitiative.ca\/International\/%ef%bb%bfjacques-anouma-le-consensus-autour-de-motsepe-pas-trop-democratique\/","title":{"rendered":"\ufeffJacques Anouma : Le consensus autour de Motsepe \u00abpas trop d\u00e9mocratique\u00bb"},"content":{"rendered":"<p class=\"c1\"><strong>Pr\u00e9sidence de la CAF<\/strong><\/p>\n<p><strong>La volont\u00e9 pr\u00eat\u00e9e \u00e0 la Fifa de trouver un consensus autour du Sud-Africain Patrice Motsepe pour pr\u00e9sider la Conf\u00e9d\u00e9ration africaine de football (CAF) n\u2019est qu\u2019un \u00ab\u00a0accord de principe\u00a0\u00bb et la m\u00e9thode n\u2019est \u00ab\u00a0pas trop d\u00e9mocratique\u00a0\u00bb, a estim\u00e9 le candidat ivoirien Jacques Anouma dans un entretien \u00e0 l\u2019AFP.<\/strong><\/p>\n<p>\u00ab\u00a0C\u2019est un accord de principe qui a \u00e9t\u00e9 trouv\u00e9\u00a0\u00bb, a affirm\u00e9 Jacques Anouma dans cet entretien, accord\u00e9 mardi soir apr\u00e8s une rencontre pendant le week-end \u00e0 Rabat des trois candidats ouest-africains, \u00e0 l\u2019invitation du pr\u00e9sident de la f\u00e9d\u00e9ration marocaine, Fouzi Lekjaa.<\/p>\n<p>\u00ab\u00a0Il faut que nos pays l\u2019acceptent et le valident. On s\u2019est donn\u00e9 jusqu\u2019au 5 mars pour que cet accord soit valid\u00e9\u00a0\u00bb, a ajout\u00e9 le candidat ivoirien.<\/p>\n<p>Selon lui, le \u00ab\u00a0proc\u00e8s verbal qui a \u00e9t\u00e9 paraph\u00e9\u00a0\u00bb \u00e0 l\u2019issue de cette r\u00e9union de Rabat \u00ab\u00a0ne devait \u00eatre connu par personne\u00a0\u00bb.<\/p>\n<p>\u00ab\u00a0Je suis choqu\u00e9. On met plus en avant une distribution de postes qu\u2019un accord pour aller vers l\u2019unit\u00e9. On a l\u2019impression qu\u2019on a sacrifi\u00e9 l\u2019Afrique sur l\u2019autel de nos ambitions personnelles\u00a0\u00bb, s\u2019emporte Anouma, ancien membre du comit\u00e9 ex\u00e9cutif de la F\u00e9d\u00e9ration internationale de football (Fifa).<\/p>\n<p>Selon des sources proches des des candidats, Augustin Senghor (S\u00e9n\u00e9gal) et Ahmed Yahya (Mauritanie) seraient pr\u00eats \u00e0 accepter la proposition de la Fifa: s\u2019ils renoncent \u00e0 se pr\u00e9senter lors du scrutin pr\u00e9vu le 12 mars pour laisser la sc\u00e8ne au milliardaire sud-africain, soutenu par Gianni Infantino, le pr\u00e9sident de la Fifa, ils seront 1er et 2e vice-pr\u00e9sidents.<\/p>\n<p>Jacques Anouma se verrait proposer un poste de conseiller du pr\u00e9sident.<\/p>\n<p>Pour lui, \u00ab\u00a0on peut sortir d\u2019un accord. Si mes \u00e9lecteurs, ma base et les autorit\u00e9s me disent, cela ne nous int\u00e9resse pas, allons \u00e0 des \u00e9lections, je ne fuirais pas mes responsabilit\u00e9s\u00a0\u00bb.<\/p>\n<p>Et \u00ab\u00a0si on est pas d\u2019accord, la seule mani\u00e8re de nous d\u00e9partager est l\u2019\u00e9lection, qui est d\u00e9mocratique\u00a0\u00bb, or \u00ab\u00a0ce qui se passe n\u2019est pas trop d\u00e9mocratique, on impose aux \u00e9lecteurs un sch\u00e9ma. Qui vous dit qu\u2019ils sont preneurs?\u00a0\u00bb, s\u2019est-il interrog\u00e9.<\/p>\n<p>Selon un conseiller de l\u2019un des candidats interrog\u00e9 lundi, \u00ab\u00a0l\u2019id\u00e9e de la Fifa est de mettre ensemble les quatre candidats, sous l\u2019\u00e9gide du Maroc, pour qu\u2019ils se mettent d\u2019accord pour un programme commun, et d\u00e9signer parmi eux un seul candidat\u00a0\u00bb.<\/p>\n<p>\u00ab\u00a0Motsepe a la pr\u00e9f\u00e9rence de la Fifa, qui veut quelqu\u2019un de nouveau, pas impliqu\u00e9 dans l\u2019ancienne direction, pour attirer les nouveaux sponsors, les investisseurs et donner une plus belle image de la CAF apr\u00e8s tout ce qui s\u2019est pass\u00e9\u00a0\u00bb, poursuit cette source.<\/p>\n<p>Le gouvernement africain du football a en effet \u00e9t\u00e9 secou\u00e9. Le pr\u00e9sident sortant, le Malgache Ahmad Ahmad, a \u00e9t\u00e9 suspendu cinq ans par la Fifa en novembre pour soup\u00e7ons de corruption.<\/p>\n<p>\u00ab\u00a0Motsepe a le plus mauvais profil des quatre, ce ne serait une marionnette\u00a0\u00bb, assure \u00e0 l\u2019AFP Bacary Ciss\u00e9, patron de l\u2019hebdomadaire sportif du S\u00e9n\u00e9gal Record. \u00ab\u00a0La Fifa veut le parachuter sur le foot africain\u00a0\u00bb.<\/p>\n<p>Apr\u00e8s la rencontre de Rabat, chaque candidat est rentr\u00e9 dans son pays pour des consultations. Ils doivent se retrouver le week-end prochain \u00e0 Nouakchott lors de la finale de la CAN-U20, pour arr\u00eater un choix avant l\u2019\u00e9lection du 12 mars.<\/p>\n<p>AFP<\/p>\n<p>Auteur: M&rsquo;hammed rahal<br \/>\n<a href=\"http:\/\/albayane.press.ma\/%EF%BB%BFjacques-anouma-le-consensus-autour-de-motsepe-pas-trop-democratique.html\">Cliquez ici pour lire l&rsquo;article depuis sa source.<\/a><\/p>\n","protected":false},"excerpt":{"rendered":"<p>Pr\u00e9sidence de la CAF La volont\u00e9 pr\u00eat\u00e9e \u00e0 la Fifa de trouver un consensus autour du Sud-Africain Patrice Motsepe pour pr\u00e9sider la Conf\u00e9d\u00e9ration africaine de football (CAF) n\u2019est qu\u2019un \u00ab\u00a0accord de principe\u00a0\u00bb et la m\u00e9thode n\u2019est \u00ab\u00a0pas trop d\u00e9mocratique\u00a0\u00bb, a estim\u00e9 le candidat ivoirien Jacques Anouma dans un entretien \u00e0 l\u2019AFP. \u00ab\u00a0C\u2019est un accord de [&hellip;]<\/p>\n","protected":false},"author":1760,"featured_media":0,"comment_status":"closed","ping_status":"closed","sticky":false,"template":"","format":"standard","meta":{"fifu_image_url":"","fifu_image_alt":"","footnotes":""},"categories":[73,54],"tags":[],"class_list":["post-112443","post","type-post","status-publish","format-standard","hentry","category-actualite","category-maroc"],"_links":{"self":[{"href":"https:\/\/linitiative.ca\/International\/wp-json\/wp\/v2\/posts\/112443","targetHints":{"allow":["GET"]}}],"collection":[{"href":"https:\/\/linitiative.ca\/International\/wp-json\/wp\/v2\/posts"}],"about":[{"href":"https:\/\/linitiative.ca\/International\/wp-json\/wp\/v2\/types\/post"}],"author":[{"embeddable":true,"href":"https:\/\/linitiative.ca\/International\/wp-json\/wp\/v2\/users\/1760"}],"replies":[{"embeddable":true,"href":"https:\/\/linitiative.ca\/International\/wp-json\/wp\/v2\/comments?post=112443"}],"version-history":[{"count":0,"href":"https:\/\/linitiative.ca\/International\/wp-json\/wp\/v2\/posts\/112443\/revisions"}],"wp:attachment":[{"href":"https:\/\/linitiative.ca\/International\/wp-json\/wp\/v2\/media?parent=112443"}],"wp:term":[{"taxonomy":"category","embeddable":true,"href":"https:\/\/linitiative.ca\/International\/wp-json\/wp\/v2\/categories?post=112443"},{"taxonomy":"post_tag","embeddable":true,"href":"https:\/\/linitiative.ca\/International\/wp-json\/wp\/v2\/tags?post=112443"}],"curies":[{"name":"wp","href":"https:\/\/api.w.org\/{rel}","templated":true}]}}