{"id":112444,"date":"2021-03-04T09:27:24","date_gmt":"2021-03-04T14:27:24","guid":{"rendered":"https:\/\/linitiative.ca\/International\/%ef%bb%bfle-barca-reussit-sa-remontada-face-au-fc-seville\/"},"modified":"2021-03-04T09:27:24","modified_gmt":"2021-03-04T14:27:24","slug":"%ef%bb%bfle-barca-reussit-sa-remontada-face-au-fc-seville","status":"publish","type":"post","link":"https:\/\/linitiative.ca\/International\/%ef%bb%bfle-barca-reussit-sa-remontada-face-au-fc-seville\/","title":{"rendered":"\ufeffLe Bar\u00e7a r\u00e9ussit sa \u00abremontada\u00bb face au FC S\u00e9ville"},"content":{"rendered":"<p class=\"c1\"><strong>Coupe d\u2019Espagne<\/strong><\/p>\n<p><strong>Le FC Barcelone n\u2019est pas mort ! Deux jours apr\u00e8s la perquisition et les arrestations qui ont secou\u00e9 le club, les Catalans ont r\u00e9ussi leur \u00ab\u00a0remontada\u00a0\u00bb face \u00e0 S\u00e9ville mercredi (3-0 apr\u00e8s prolongation) pour se hisser en finale de la Coupe d\u2019Espagne et envoyer un signal au Paris SG.<\/strong><\/p>\n<p>Apr\u00e8s avoir perdu 2-0 \u00e0 l\u2019aller, le Bar\u00e7a a pris les devants avec une jolie frappe en pleine lucarne d\u2019Ousmane Demb\u00e9l\u00e9 (12e), puis a arrach\u00e9 la prolongation gr\u00e2ce \u00e0 une t\u00eate de derni\u00e8re minute de Gerard Piqu\u00e9 (90e+3) sur un centre d\u2019Antoine Griezmann.<\/p>\n<p>Il a ensuite valid\u00e9 son ticket pour la finale gr\u00e2ce \u00e0 un but de Martin Braithwaite en prolongation (95e), alors que les S\u00e9villans \u00e9voluaient \u00e0 dix depuis l\u2019expulsion de Fernando (90e+2).<\/p>\n<p>Deux autres cartons rouges adress\u00e9s au banc s\u00e9villan, en prolongation aussi, sont venus \u00e9teindre les derniers espoirs de qualification andalous (102e, 103e). Le Bar\u00e7a d\u00e9fiera en finale Levante ou l\u2019Athletic Bilbao, qui s\u2019affrontent jeudi.<\/p>\n<p>Pour la premi\u00e8re fois depuis longtemps, le Bar\u00e7a a jou\u00e9 en \u00e9quipe: les sorties du pressing s\u00e9villan ont \u00e9t\u00e9 \u00e9tonnamment fluides et sereines, et le lien avec les \u00e9l\u00e9ments offensifs a \u00e9t\u00e9 facilement trouv\u00e9.<\/p>\n<p>\u00ab\u00a0On a d\u00fb faire un match complet, et en tant qu\u2019entra\u00eeneur, je ne peux rien demander de plus \u00e0 mes joueurs. On m\u00e9ritait de passer et de jouer la finale, pour avoir \u00e9t\u00e9 la meilleure \u00e9quipe sur les deux matches. Apr\u00e8s, un 2-0, c\u2019est plus facile \u00e0 remonter, m\u00eame si ce n\u2019est pas facile non plus. Un 4-1, c\u2019est autre chose\u2026\u00a0\u00bb, a temp\u00e9r\u00e9 Ronald Koeman en conf\u00e9rence de presse d\u2019apr\u00e8s-match, l\u2019esprit d\u00e9j\u00e0 tourn\u00e9 vers Paris.<\/p>\n<p>Auteur: M&rsquo;hammed rahal<br \/>\n<a href=\"http:\/\/albayane.press.ma\/%EF%BB%BFle-barca-reussit-sa-remontada-face-au-fc-seville.html\">Cliquez ici pour lire l&rsquo;article depuis sa source.<\/a><\/p>\n","protected":false},"excerpt":{"rendered":"<p>Coupe d\u2019Espagne Le FC Barcelone n\u2019est pas mort ! Deux jours apr\u00e8s la perquisition et les arrestations qui ont secou\u00e9 le club, les Catalans ont r\u00e9ussi leur \u00ab\u00a0remontada\u00a0\u00bb face \u00e0 S\u00e9ville mercredi (3-0 apr\u00e8s prolongation) pour se hisser en finale de la Coupe d\u2019Espagne et envoyer un signal au Paris SG. Apr\u00e8s avoir perdu 2-0 [&hellip;]<\/p>\n","protected":false},"author":1760,"featured_media":0,"comment_status":"closed","ping_status":"closed","sticky":false,"template":"","format":"standard","meta":{"fifu_image_url":"","fifu_image_alt":"","footnotes":""},"categories":[73,54],"tags":[],"class_list":["post-112444","post","type-post","status-publish","format-standard","hentry","category-actualite","category-maroc"],"_links":{"self":[{"href":"https:\/\/linitiative.ca\/International\/wp-json\/wp\/v2\/posts\/112444","targetHints":{"allow":["GET"]}}],"collection":[{"href":"https:\/\/linitiative.ca\/International\/wp-json\/wp\/v2\/posts"}],"about":[{"href":"https:\/\/linitiative.ca\/International\/wp-json\/wp\/v2\/types\/post"}],"author":[{"embeddable":true,"href":"https:\/\/linitiative.ca\/International\/wp-json\/wp\/v2\/users\/1760"}],"replies":[{"embeddable":true,"href":"https:\/\/linitiative.ca\/International\/wp-json\/wp\/v2\/comments?post=112444"}],"version-history":[{"count":0,"href":"https:\/\/linitiative.ca\/International\/wp-json\/wp\/v2\/posts\/112444\/revisions"}],"wp:attachment":[{"href":"https:\/\/linitiative.ca\/International\/wp-json\/wp\/v2\/media?parent=112444"}],"wp:term":[{"taxonomy":"category","embeddable":true,"href":"https:\/\/linitiative.ca\/International\/wp-json\/wp\/v2\/categories?post=112444"},{"taxonomy":"post_tag","embeddable":true,"href":"https:\/\/linitiative.ca\/International\/wp-json\/wp\/v2\/tags?post=112444"}],"curies":[{"name":"wp","href":"https:\/\/api.w.org\/{rel}","templated":true}]}}