{"id":112445,"date":"2021-03-04T09:33:38","date_gmt":"2021-03-04T14:33:38","guid":{"rendered":"https:\/\/linitiative.ca\/International\/%ef%bb%bfla-jordanie-ouvre-un-consulat-general-a-laayoune\/"},"modified":"2021-03-04T09:33:38","modified_gmt":"2021-03-04T14:33:38","slug":"%ef%bb%bfla-jordanie-ouvre-un-consulat-general-a-laayoune","status":"publish","type":"post","link":"https:\/\/linitiative.ca\/International\/%ef%bb%bfla-jordanie-ouvre-un-consulat-general-a-laayoune\/","title":{"rendered":"\ufeffLa Jordanie ouvre un consulat g\u00e9n\u00e9ral \u00e0 La\u00e2youne"},"content":{"rendered":"<p class=\"has-text-color has-vivid-red-color c1\"><strong>Sahara marocain<\/strong><\/p>\n<p><strong>Le Royaume hach\u00e9mite de Jordanie a ouvert jeudi un consulat g\u00e9n\u00e9ral \u00e0 La\u00e2youne, la 11\u00e8me repr\u00e9sentation diplomatique inaugur\u00e9e dans la capitale du Sahara marocain depuis un peu plus d\u2019un an.<\/strong><\/p>\n<p>La c\u00e9r\u00e9monie d\u2019ouverture de ce consulat a \u00e9t\u00e9 pr\u00e9sid\u00e9e par le ministre des Affaires \u00e9trang\u00e8res, de la Coop\u00e9ration africaine et des Marocains r\u00e9sidant \u00e0 l\u2019\u00e9tranger, Nasser Bourita, et le vice-Premier ministre, ministre jordanien des Affaires \u00e9trang\u00e8res et des Expatri\u00e9s, Ayman Al-Safadi.<\/p>\n<p>La Jordanie devient ainsi le 11\u00e8me pays \u00e0 avoir inaugur\u00e9 un consulat \u00e0 La\u00e2youne, apr\u00e8s les \u00c9mirats arabes unis, le Bahre\u00efn, la C\u00f4te d\u2019Ivoire, les Iles Comores, le Gabon, Sao-Tom\u00e9-Et principe, la R\u00e9publique centrafricaine, le Burundi, Eswatini et la Zambie.<\/p>\n<p>Auteur: M&rsquo;hammed rahal<br \/>\n<a href=\"http:\/\/albayane.press.ma\/%EF%BB%BFla-jordanie-ouvre-un-consulat-general-a-laayoune.html\">Cliquez ici pour lire l&rsquo;article depuis sa source.<\/a><\/p>\n","protected":false},"excerpt":{"rendered":"<p>Sahara marocain Le Royaume hach\u00e9mite de Jordanie a ouvert jeudi un consulat g\u00e9n\u00e9ral \u00e0 La\u00e2youne, la 11\u00e8me repr\u00e9sentation diplomatique inaugur\u00e9e dans la capitale du Sahara marocain depuis un peu plus d\u2019un an. La c\u00e9r\u00e9monie d\u2019ouverture de ce consulat a \u00e9t\u00e9 pr\u00e9sid\u00e9e par le ministre des Affaires \u00e9trang\u00e8res, de la Coop\u00e9ration africaine et des Marocains r\u00e9sidant [&hellip;]<\/p>\n","protected":false},"author":1760,"featured_media":0,"comment_status":"closed","ping_status":"closed","sticky":false,"template":"","format":"standard","meta":{"fifu_image_url":"","fifu_image_alt":"","footnotes":""},"categories":[73,54],"tags":[],"class_list":["post-112445","post","type-post","status-publish","format-standard","hentry","category-actualite","category-maroc"],"_links":{"self":[{"href":"https:\/\/linitiative.ca\/International\/wp-json\/wp\/v2\/posts\/112445","targetHints":{"allow":["GET"]}}],"collection":[{"href":"https:\/\/linitiative.ca\/International\/wp-json\/wp\/v2\/posts"}],"about":[{"href":"https:\/\/linitiative.ca\/International\/wp-json\/wp\/v2\/types\/post"}],"author":[{"embeddable":true,"href":"https:\/\/linitiative.ca\/International\/wp-json\/wp\/v2\/users\/1760"}],"replies":[{"embeddable":true,"href":"https:\/\/linitiative.ca\/International\/wp-json\/wp\/v2\/comments?post=112445"}],"version-history":[{"count":0,"href":"https:\/\/linitiative.ca\/International\/wp-json\/wp\/v2\/posts\/112445\/revisions"}],"wp:attachment":[{"href":"https:\/\/linitiative.ca\/International\/wp-json\/wp\/v2\/media?parent=112445"}],"wp:term":[{"taxonomy":"category","embeddable":true,"href":"https:\/\/linitiative.ca\/International\/wp-json\/wp\/v2\/categories?post=112445"},{"taxonomy":"post_tag","embeddable":true,"href":"https:\/\/linitiative.ca\/International\/wp-json\/wp\/v2\/tags?post=112445"}],"curies":[{"name":"wp","href":"https:\/\/api.w.org\/{rel}","templated":true}]}}