{"id":112448,"date":"2021-03-04T07:48:02","date_gmt":"2021-03-04T12:48:02","guid":{"rendered":"https:\/\/linitiative.ca\/International\/tout-sur-la-2eme-edition-de-lappel-a-projets-amwej\/"},"modified":"2021-03-04T07:48:02","modified_gmt":"2021-03-04T12:48:02","slug":"tout-sur-la-2eme-edition-de-lappel-a-projets-amwej","status":"publish","type":"post","link":"https:\/\/linitiative.ca\/International\/tout-sur-la-2eme-edition-de-lappel-a-projets-amwej\/","title":{"rendered":"Tout sur la 2\u00e8me \u00e9dition de l\u2019Appel \u00e0 projets AMWEJ"},"content":{"rendered":"<p><strong>\u00a0<\/strong><\/p>\n<p>La Saison Bleue lance la deuxi\u00e8me \u00e9dition de <strong>AMWEJ, le premier appel \u00e0 projets tunisien pour une \u00e9conomie bleue durable<\/strong>. AMWEJ s\u2019adresse aux municipalit\u00e9s, ONG, associations ou start-up li\u00e9es au domaine maritime.<\/p>\n<p>Les projets candidats feront l\u2019objet d\u2019une pr\u00e9sentation \u00e0 de potentiels partenaires lors de la quatri\u00e8me \u00e9dition du <strong>Forum Mondial de la Mer-Bizerte, le 1er octobre 2021<\/strong>. La Saison Bleue distinguera <strong>un projet<\/strong> parmi ceux qui auront \u00e9t\u00e9 labellis\u00e9s et lui apportera <strong>l\u2019accompagnement n\u00e9cessaire et un financement \u00e0 hauteur de 30 000 dinars.<\/strong><\/p>\n<p>Comment r\u00e9soudre l\u2019apparente contradiction entre le d\u00e9veloppement \u00e9conomique et humain, la satisfaction des besoins de plus de 16 millions de personnes (locaux et visiteurs) sur un espace tr\u00e8s limit\u00e9 et l\u2019exigence individuelle, condition de tout avenir d\u00e9cent pour la plan\u00e8te ?<\/p>\n<p>Et comment mobiliser acteurs publics, nationaux comme locaux, mais \u00e9galement les secteurs associatifs, les milieux professionnels concern\u00e9s par l\u2019\u00e9conomie bleue ?<\/p>\n<p>Telles sont <strong>les questions<\/strong> auxquelles <strong>les projets<\/strong> pr\u00e9sent\u00e9s lors de ce premier appel \u00e0 projets AMWEJ <strong>devront r\u00e9pondre<\/strong> en proposant, \u00e0 l\u2019\u00e9chelle des territoires <strong>des initiatives originales, concr\u00e8tes<\/strong>.<\/p>\n<p>AMWEJ s\u2019est fix\u00e9 <strong>l\u2019objectif<\/strong> d\u2019encourager, de soutenir et de d\u00e9velopper :<\/p>\n<ul>\n<li>L\u2019innovation, la science, la recherche et les technologies au service des industries maritimes et de l\u2019\u00e9conomie bleue<\/li>\n<li>La valorisation des produits de la mer, des fili\u00e8res \u00e9conomiques bleues ; les investissements productifs ; le tourisme \u00e9cologique ; les loisirs maritimes<\/li>\n<li>La sauvegarde, la mise en valeur et la promotion du patrimoine arch\u00e9ologique, historique, culturel du littoral<\/li>\n<li>La formation autour des diff\u00e9rents m\u00e9tiers de la mer aux fins de soutenir l\u2019entrepreneuriat, l\u2019initiative et la cr\u00e9ation d\u2019emplois<\/li>\n<li>La lutte contre les pollutions et d\u00e9gradations de toutes sortes affectant le littoral tunisien ; les actions en faveur de l\u2019environnement littoral et des infrastructures maritimes.<\/li>\n<\/ul>\n<p>Les dates \u00e0 retenir pour cet appel \u00e0 projets sont\u00a0:<\/p>\n<ul>\n<li><strong>28 mai 2021<\/strong> : Date limite de r\u00e9ception des candidatures<\/li>\n<li><strong>8 juin 2021<\/strong> : Annonce des projets pr\u00e9s\u00e9lectionn\u00e9s, lors du lancement de la 4\u00e8me \u00e9dition de La Saison Bleue<\/li>\n<li><strong>4 septembre 2021<\/strong> : Pr\u00e9sentation des projets s\u00e9lectionn\u00e9s devant le jury d\u2019AMWEJ<\/li>\n<li><strong>1<sup>er<\/sup> octobre 2021<\/strong> : D\u00e9signation du laur\u00e9at d\u2019AMWEJ 2021, lors du Forum Mondial de la Mer-Bizerte<\/li>\n<\/ul>\n<p>Pour <strong>postuler<\/strong>, cliquez sur le lien suivant:<\/p>\n<p><a href=\"http:\/\/lasaisonbleue.com\/participer-au-projet\/\">http:\/\/lasaisonbleue.com\/participer-au-projet\/<\/a><\/p>\n<p><strong>Pi\u00e8ces \u00e0 joindre au dossier :<\/strong><\/p>\n<ul>\n<li>Le descriptif du projet (voir le mod\u00e8le)<\/li>\n<li>Le budget du projet (voir le mod\u00e8le)<\/li>\n<li>Le calendrier du projet (voir le mod\u00e8le)<\/li>\n<li>Les statuts de l\u2019association\/municipalit\u00e9\/ONG\/Startup<\/li>\n<li>Le budget de l\u2019association\/municipalit\u00e9\/ONG\/Startup<\/li>\n<li>Le dernier rapport annuel de l\u2019association\/municipalit\u00e9\/ONG\/Startup<\/li>\n<li>Le dernier rapport du commissaire aux comptes de l\u2019association\/ municipalit\u00e9\/ONG\/Startup<\/li>\n<li>L\u2019insertion au JORT de l\u2019association\/municipalit\u00e9\/ONG\/Startup<\/li>\n<li>A noter que seules les municipalit\u00e9s, associations et ONG et les startups dont les projets seront s\u00e9lectionn\u00e9s seront contact\u00e9es.<\/li>\n<\/ul>\n<p>Pour toute information compl\u00e9mentaire, adressez-vous au contact suivant: <a href=\"mailto:contact@lasaisonbleue.com\">contact@lasaisonbleue.com<\/a><\/p>\n<div class=\"wp-post-author-wrap wp-post-author-shortcode left\">\n<h3 class=\"awpa-title\"\/>\n<div class=\"wp-post-author\">\n<div class=\"awpa-img awpa-author-block square\"><a href=\"http:\/\/lexpertjournal.net\/fr\/?author=5\"><img loading=\"lazy\" decoding=\"async\" alt=\"\" src=\"http:\/\/0.gravatar.com\/avatar\/97f8e10a1c1125ba104a76514ee07b16?s=150&amp;d=mm&amp;r=g\" srcset=\"http:\/\/0.gravatar.com\/avatar\/97f8e10a1c1125ba104a76514ee07b16?s=300&amp;d=mm&amp;r=g 2x\" class=\"avatar avatar-150 photo\" height=\"150\" width=\"150\"\/><\/a><\/div>\n<\/div>\n<\/div>\n<aside class=\"mashsb-container mashsb-main mashsb-stretched\">\n<\/aside>\n<p>Auteur: L&rsquo;expert<br \/>\n<a href=\"http:\/\/lexpertjournal.net\/fr\/?p=18989\">Cliquez ici pour lire l&rsquo;article depuis sa source.<\/a><\/p>\n","protected":false},"excerpt":{"rendered":"<p>\u00a0 La Saison Bleue lance la deuxi\u00e8me \u00e9dition de AMWEJ, le premier appel \u00e0 projets tunisien pour une \u00e9conomie bleue durable. AMWEJ s\u2019adresse aux municipalit\u00e9s, ONG, associations ou start-up li\u00e9es au domaine maritime. Les projets candidats feront l\u2019objet d\u2019une pr\u00e9sentation \u00e0 de potentiels partenaires lors de la quatri\u00e8me \u00e9dition du Forum Mondial de la Mer-Bizerte, [&hellip;]<\/p>\n","protected":false},"author":1775,"featured_media":0,"comment_status":"closed","ping_status":"closed","sticky":false,"template":"","format":"standard","meta":{"fifu_image_url":"http:\/\/0.gravatar.com\/avatar\/97f8e10a1c1125ba104a76514ee07b16?s=150&d=mm&r=g","fifu_image_alt":"Tout sur la 2\u00e8me \u00e9dition de l\u2019Appel \u00e0 projets AMWEJ","footnotes":""},"categories":[78,55],"tags":[],"class_list":["post-112448","post","type-post","status-publish","format-standard","hentry","category-economie","category-tunisie"],"_links":{"self":[{"href":"https:\/\/linitiative.ca\/International\/wp-json\/wp\/v2\/posts\/112448","targetHints":{"allow":["GET"]}}],"collection":[{"href":"https:\/\/linitiative.ca\/International\/wp-json\/wp\/v2\/posts"}],"about":[{"href":"https:\/\/linitiative.ca\/International\/wp-json\/wp\/v2\/types\/post"}],"author":[{"embeddable":true,"href":"https:\/\/linitiative.ca\/International\/wp-json\/wp\/v2\/users\/1775"}],"replies":[{"embeddable":true,"href":"https:\/\/linitiative.ca\/International\/wp-json\/wp\/v2\/comments?post=112448"}],"version-history":[{"count":0,"href":"https:\/\/linitiative.ca\/International\/wp-json\/wp\/v2\/posts\/112448\/revisions"}],"wp:attachment":[{"href":"https:\/\/linitiative.ca\/International\/wp-json\/wp\/v2\/media?parent=112448"}],"wp:term":[{"taxonomy":"category","embeddable":true,"href":"https:\/\/linitiative.ca\/International\/wp-json\/wp\/v2\/categories?post=112448"},{"taxonomy":"post_tag","embeddable":true,"href":"https:\/\/linitiative.ca\/International\/wp-json\/wp\/v2\/tags?post=112448"}],"curies":[{"name":"wp","href":"https:\/\/api.w.org\/{rel}","templated":true}]}}