{"id":112452,"date":"2021-03-04T10:30:00","date_gmt":"2021-03-04T15:30:00","guid":{"rendered":"https:\/\/linitiative.ca\/International\/covid-19-prolongation-de-letat-durgence-sanitaire\/"},"modified":"2021-03-04T10:30:00","modified_gmt":"2021-03-04T15:30:00","slug":"covid-19-prolongation-de-letat-durgence-sanitaire","status":"publish","type":"post","link":"https:\/\/linitiative.ca\/International\/covid-19-prolongation-de-letat-durgence-sanitaire\/","title":{"rendered":"Covid-19: Prolongation de l\u2019\u00e9tat d\u2019urgence sanitaire"},"content":{"rendered":"<div class=\"single-featured\"><img alt=\"\" data-src=\"http:\/\/www.mapmarrakech.ma\/map\/uploads\/2021\/03\/couvre-feu-prolongation.jpg\"\/><\/div>\n<div class=\"single-post-excerpt post-excerpt-bc\" readability=\"37\">\n<p>Le Conseil de gouvernement, r\u00e9uni jeudi \u00e0 Rabat, a d\u00e9cid\u00e9 de prolonger l\u2019\u00e9tat d\u2019urgence sanitaire sur l\u2019ensemble du territoire national jusqu\u2019au 10 avril 2021, et ce dans le cadre des efforts de lutte contre la propagation de la pand\u00e9mie du nouveau coronavirus (Covid-19).<\/p>\n<\/div>\n<div class=\"entry-content clearfix single-post-content\" readability=\"46\">\n<p>Ainsi, le Conseil a approuv\u00e9 le projet de d\u00e9cret n\u00b0 2.21.132 relatif au prolongement de la p\u00e9riode de validit\u00e9 de l\u2019\u00e9tat d\u2019urgence sanitaire sur l\u2019ensemble du territoire national pr\u00e9sent\u00e9 par le ministre de l\u2019Int\u00e9rieur, a indiqu\u00e9 M. Saaid Amzazi, Porte-parole du gouvernement, dans un communiqu\u00e9 lu lors d\u2019un point de presse tenu \u00e0 l\u2019issue du Conseil de gouvernement.<\/p>\n<p>Dans un souci des pouvoirs publics de continuer \u00e0 assurer l\u2019efficacit\u00e9 des mesures et dispositions prises pour faire face \u00e0 la propagation de la pand\u00e9mie du \u00ab\u00a0Covid 19\u00a0\u00bb, ce projet de d\u00e9cret vise \u00e0 \u00e9tendre la p\u00e9riode de validit\u00e9 de l\u2019\u00e9tat d\u2019urgence sanitaire sur tout le territoire national du mercredi 10 mars 2021 au samedi 10 avril 2021 \u00e0 18:00 heures, a ajout\u00e9 M. Amzazi.<\/p>\n<\/div>\n<p>Auteur: Meriem IGASS<br \/>\n<a href=\"http:\/\/www.mapmarrakech.ma\/fr\/covid-19-prolongation-de-letat-durgence-sanitaire-jusquau-10-avril\/\">Cliquez ici pour lire l&rsquo;article depuis sa source.<\/a><\/p>\n","protected":false},"excerpt":{"rendered":"<p>Le Conseil de gouvernement, r\u00e9uni jeudi \u00e0 Rabat, a d\u00e9cid\u00e9 de prolonger l\u2019\u00e9tat d\u2019urgence sanitaire sur l\u2019ensemble du territoire national jusqu\u2019au 10 avril 2021, et ce dans le cadre des efforts de lutte contre la propagation de la pand\u00e9mie du nouveau coronavirus (Covid-19). Ainsi, le Conseil a approuv\u00e9 le projet de d\u00e9cret n\u00b0 2.21.132 relatif [&hellip;]<\/p>\n","protected":false},"author":1788,"featured_media":0,"comment_status":"closed","ping_status":"closed","sticky":false,"template":"","format":"standard","meta":{"fifu_image_url":"http:\/\/www.mapmarrakech.ma\/map\/uploads\/2021\/03\/couvre-feu-prolongation.jpg","fifu_image_alt":"Covid-19: Prolongation de l\u2019\u00e9tat d\u2019urgence sanitaire","footnotes":""},"categories":[54,76],"tags":[],"class_list":["post-112452","post","type-post","status-publish","format-standard","hentry","category-maroc","category-regions"],"_links":{"self":[{"href":"https:\/\/linitiative.ca\/International\/wp-json\/wp\/v2\/posts\/112452","targetHints":{"allow":["GET"]}}],"collection":[{"href":"https:\/\/linitiative.ca\/International\/wp-json\/wp\/v2\/posts"}],"about":[{"href":"https:\/\/linitiative.ca\/International\/wp-json\/wp\/v2\/types\/post"}],"author":[{"embeddable":true,"href":"https:\/\/linitiative.ca\/International\/wp-json\/wp\/v2\/users\/1788"}],"replies":[{"embeddable":true,"href":"https:\/\/linitiative.ca\/International\/wp-json\/wp\/v2\/comments?post=112452"}],"version-history":[{"count":0,"href":"https:\/\/linitiative.ca\/International\/wp-json\/wp\/v2\/posts\/112452\/revisions"}],"wp:attachment":[{"href":"https:\/\/linitiative.ca\/International\/wp-json\/wp\/v2\/media?parent=112452"}],"wp:term":[{"taxonomy":"category","embeddable":true,"href":"https:\/\/linitiative.ca\/International\/wp-json\/wp\/v2\/categories?post=112452"},{"taxonomy":"post_tag","embeddable":true,"href":"https:\/\/linitiative.ca\/International\/wp-json\/wp\/v2\/tags?post=112452"}],"curies":[{"name":"wp","href":"https:\/\/api.w.org\/{rel}","templated":true}]}}