{"id":112453,"date":"2021-03-04T10:49:15","date_gmt":"2021-03-04T15:49:15","guid":{"rendered":"https:\/\/linitiative.ca\/International\/grande-affluence-des-residents-etrangers-aux-centres-de-vaccination\/"},"modified":"2021-03-04T10:49:15","modified_gmt":"2021-03-04T15:49:15","slug":"grande-affluence-des-residents-etrangers-aux-centres-de-vaccination","status":"publish","type":"post","link":"https:\/\/linitiative.ca\/International\/grande-affluence-des-residents-etrangers-aux-centres-de-vaccination\/","title":{"rendered":"Grande affluence des r\u00e9sidents \u00e9trangers aux centres de vaccination"},"content":{"rendered":"<div readability=\"37\">\n<p>Marrakech \u2013 Les r\u00e9sidents \u00e9trangers \u00e9tablis \u00e0 Marrakech ont continu\u00e9, jeudi, d\u2019affluer aux diff\u00e9rents centres de vaccination contre le nouveau coronavirus (Covid-19), mis en place par le minist\u00e8re de la Sant\u00e9 au niveau de la cit\u00e9 ocre.<\/p>\n<\/div>\n<div readability=\"128\">\n<p>Ainsi, ces r\u00e9sidents \u00e9trangers qui b\u00e9n\u00e9ficient gratuitement de la vaccination anti-Covid-19 au m\u00eame titre que les citoyens marocains, sont venus volontairement, sur rendez-vous, se faire vacciner et ce, dans le cadre de la campagne nationale de vaccination anti-coronavirus lanc\u00e9e par SM le Roi Mohammed VI.<\/p>\n<p>Cette campagne avance dans d\u2019excellentes conditions et ne cesse de ce fait, de susciter une grande satisfaction aussi bien des citoyens que des r\u00e9sidents \u00e9trangers au Maroc et ce, gr\u00e2ce \u00e0 sa bonne organisation, sous l\u2019encadrement minutieux des autorit\u00e9s pr\u00e9fectorales de Marrakech et sous la supervision de la D\u00e9l\u00e9gation provinciale de la Sant\u00e9.<\/p>\n<p>Au niveau de la station de vaccination mise en place au sein du Centre de sant\u00e9 urbain de Bab Doukkala (pr\u00e9fecture de Marrakech), \u00e0 l\u2019instar d\u2019autres centres de vaccination, les b\u00e9n\u00e9ficiaires sont pr\u00e9alablement inform\u00e9s des rendez-vous, pour recevoir leurs doses de vaccin afin d\u2019\u00e9viter les rassemblements et toute promiscuit\u00e9 et ce, en application stricte du protocole sanitaire mis en oeuvre par le minist\u00e8re de la Sant\u00e9.<\/p>\n<p>A l\u2019entr\u00e9e du Centre de Bab Doukkala, des cadres administratifs sont charg\u00e9s de collecter toutes les donn\u00e9es concernant les b\u00e9n\u00e9ficiaires (donn\u00e9es personnelles et \u00e9tat de sant\u00e9 entre autres), avant que ces derniers ne soient orient\u00e9s vers l\u2019espace de vaccination pour recevoir la premi\u00e8re dose du vaccin.<\/p>\n<p>Apr\u00e8s la vaccination, les b\u00e9n\u00e9ficiaires sont plac\u00e9s sous contr\u00f4le m\u00e9dical dans une salle d\u00e9di\u00e9e \u00e0 cet effet, pendant une demi-heure, avant de rentrer chez-eux et ce, conform\u00e9ment aux consignes du minist\u00e8re de la sant\u00e9.<\/p>\n<p>Approch\u00e9e par la MAP, Mme Marion Fossorier, une r\u00e9sidente \u00e9trang\u00e8re au Maroc depuis 30 ans, s\u2019est dite impressionn\u00e9e par la qualit\u00e9 de l\u2019organisation de cette campagne de vaccination contre la Covid-19 qui se d\u00e9roule dans d\u2019excellentes conditions.<\/p>\n<p>\u00ab\u00a0En moins de 48 heures, je me suis inscrite via internet et j\u2019ai obtenu un rendez-vous\u00a0\u00bb, s\u2019est r\u00e9jouie cette enseignante de nationalit\u00e9 fran\u00e7aise, indiquant qu\u2019une fois au centre, elle a \u00e9t\u00e9 chaleureusement accueillie par le staff m\u00e9dical, qui a pos\u00e9 quelques questions sur son \u00e9tat de sant\u00e9.<\/p>\n<p>\u00ab\u00a0L\u2019op\u00e9ration de vaccination ne m\u2019a pris que quelques minutes\u00a0\u00bb, a-t-elle encha\u00efn\u00e9, se f\u00e9licitant de cette organisation qui n\u2019a rien \u00e0 envier \u00e0 celle des pays de l\u2019Europe.<\/p>\n<p>Dans une d\u00e9claration similaire, Dr. Jamal El Bara\u00e2, m\u00e9decin au centre urbain Bab Doukkala, a indiqu\u00e9 que cette station de vaccination, qui est situ\u00e9e dans une zone n\u00e9vralgique \u00e0 Marrakech o\u00f9, r\u00e9side un grand nombre de ressortissants \u00e9trangers, dont notamment des Fran\u00e7ais, des Allemands et des Italiens, conna\u00eet chaque jour une affluence de cette cat\u00e9gorie de b\u00e9n\u00e9ficiaires de la vaccination.<\/p>\n<p>Il a indiqu\u00e9 que les r\u00e9sidents \u00e9trangers rentrent chez eux tellement satisfaits de l\u2019organisation stricte de cette campagne de vaccination et de la mobilisation de tous les intervenants \u00e0 cette op\u00e9ration d\u2019envergure, dont le personnel soignant, les cadres administratifs, les autorit\u00e9s locales et les forces de l\u2019ordre.<\/p>\n<p>Conform\u00e9ment aux Hautes Instructions Royales, la campagne de vaccination sera gratuite pour l\u2019ensemble des citoyens et r\u00e9sidents \u00e9trangers, l\u2019objectif \u00e9tant d\u2019immuniser toutes les composantes du peuple marocain (30 millions pour vacciner \u00e0 peu pr\u00e8s 80% de la population), de r\u00e9duire puis \u00e9liminer les cas de contamination et de d\u00e9c\u00e8s dus \u00e0 l\u2019\u00e9pid\u00e9mie, et de contenir la propagation du virus, dans la perspective d\u2019un retour progressif \u00e0 une vie normale.<\/p>\n<p>Cette campagne nationale se d\u00e9roulera de fa\u00e7on progressive et par tranches et b\u00e9n\u00e9ficiera \u00e0 l\u2019ensemble des citoyens marocains et r\u00e9sidents de 17 ans et plus.<\/p>\n<\/div>\n<p>Auteur: Meriem IGASS<br \/>\n<a href=\"http:\/\/www.mapmarrakech.ma\/fr\/grande-affluence-des-residents-etrangers-aux-centres-de-vaccination\/\">Cliquez ici pour lire l&rsquo;article depuis sa source.<\/a><\/p>\n","protected":false},"excerpt":{"rendered":"<p>Marrakech \u2013 Les r\u00e9sidents \u00e9trangers \u00e9tablis \u00e0 Marrakech ont continu\u00e9, jeudi, d\u2019affluer aux diff\u00e9rents centres de vaccination contre le nouveau coronavirus (Covid-19), mis en place par le minist\u00e8re de la Sant\u00e9 au niveau de la cit\u00e9 ocre. Ainsi, ces r\u00e9sidents \u00e9trangers qui b\u00e9n\u00e9ficient gratuitement de la vaccination anti-Covid-19 au m\u00eame titre que les citoyens marocains, [&hellip;]<\/p>\n","protected":false},"author":1788,"featured_media":0,"comment_status":"closed","ping_status":"closed","sticky":false,"template":"","format":"standard","meta":{"fifu_image_url":"","fifu_image_alt":"","footnotes":""},"categories":[54,76],"tags":[],"class_list":["post-112453","post","type-post","status-publish","format-standard","hentry","category-maroc","category-regions"],"_links":{"self":[{"href":"https:\/\/linitiative.ca\/International\/wp-json\/wp\/v2\/posts\/112453","targetHints":{"allow":["GET"]}}],"collection":[{"href":"https:\/\/linitiative.ca\/International\/wp-json\/wp\/v2\/posts"}],"about":[{"href":"https:\/\/linitiative.ca\/International\/wp-json\/wp\/v2\/types\/post"}],"author":[{"embeddable":true,"href":"https:\/\/linitiative.ca\/International\/wp-json\/wp\/v2\/users\/1788"}],"replies":[{"embeddable":true,"href":"https:\/\/linitiative.ca\/International\/wp-json\/wp\/v2\/comments?post=112453"}],"version-history":[{"count":0,"href":"https:\/\/linitiative.ca\/International\/wp-json\/wp\/v2\/posts\/112453\/revisions"}],"wp:attachment":[{"href":"https:\/\/linitiative.ca\/International\/wp-json\/wp\/v2\/media?parent=112453"}],"wp:term":[{"taxonomy":"category","embeddable":true,"href":"https:\/\/linitiative.ca\/International\/wp-json\/wp\/v2\/categories?post=112453"},{"taxonomy":"post_tag","embeddable":true,"href":"https:\/\/linitiative.ca\/International\/wp-json\/wp\/v2\/tags?post=112453"}],"curies":[{"name":"wp","href":"https:\/\/api.w.org\/{rel}","templated":true}]}}