{"id":112455,"date":"2021-03-04T11:05:05","date_gmt":"2021-03-04T16:05:05","guid":{"rendered":"https:\/\/linitiative.ca\/International\/lancement-de-deux-centres-dhemodialyse\/"},"modified":"2021-03-04T11:05:05","modified_gmt":"2021-03-04T16:05:05","slug":"lancement-de-deux-centres-dhemodialyse","status":"publish","type":"post","link":"https:\/\/linitiative.ca\/International\/lancement-de-deux-centres-dhemodialyse\/","title":{"rendered":"Lancement de deux centres d\u2019h\u00e9modialyse"},"content":{"rendered":"<div readability=\"36\">\n<p>Commune de Had Hrara (province de Safi) \u2013 L\u2019offre sanitaire dans la province de Safi sera renforc\u00e9e par la r\u00e9alisation de deux centres d\u2019h\u00e9modialyse dans les collectivit\u00e9s territoriales de Had Hrara et de Jamaat Shaim, en vue d\u2019\u00e9largir les prestations m\u00e9dicales offertes aux habitants et d\u2019\u00e9viter aux insuffisants r\u00e9naux tout d\u00e9placement vers la cit\u00e9 des Oc\u00e9ans pour \u00eatre hospitalis\u00e9s.<\/p>\n<\/div>\n<div readability=\"91\">\n<p>Ainsi, le gouverneur de la province, El Houcine Chaynane, a donn\u00e9, mercredi, dans la commune de Had Hrara, le coup d\u2019envoi des travaux de construction d\u2019un centre d\u2019h\u00e9modialyse, dans le but de permettre aux patients souffrant d\u2019insuffisance r\u00e9nale dans les zones rurales avoisinantes de b\u00e9n\u00e9ficier de s\u00e9ances de dialyse.<\/p>\n<p>Ce centre, dont les travaux de r\u00e9alisation s\u2019\u00e9taleront sur 12 mois et qui sera \u00e9rig\u00e9 sur une superficie de 1.200 m2, comprendra des salles d\u2019accueil, d\u2019attente et d\u2019urgences, de repos du personnel, de restauration et de traitement, des vestiaires, des d\u00e9pendances sanitaires pour les patients, deux bureaux pour le m\u00e9decin et l\u2019infirmier-chef, outre un d\u00e9p\u00f4t de stockage et de distribution des m\u00e9dicaments et des fournitures m\u00e9dicales, ainsi qu\u2019un espace de collecte des d\u00e9chets m\u00e9dicaux.<\/p>\n<p>Dans la commune de Jamaat Shaim, le gouverneur et la d\u00e9l\u00e9gation l\u2019accompagnant ont effectu\u00e9 une visite au chantier d\u2019un centre d\u2019h\u00e9modialyse, qui est en phase d\u2019\u00e9quipement apr\u00e8s l\u2019ach\u00e8vement des travaux, en attendant le d\u00e9but effectif de ses services d\u00e9di\u00e9s aux insuffisants r\u00e9naux dans un d\u00e9lai de trois mois au plus tard.<\/p>\n<p>La r\u00e9alisation de cette structure de sant\u00e9 a n\u00e9cessit\u00e9 une enveloppe de 2,5 millions de DH (MDH), alors que l\u2019Initiative Nationale pour le D\u00e9veloppement Humain (INDH) contribuera \u00e0 son \u00e9quipement \u00e0 hauteur de 3 MDH, et le conseil communal prendra en charge le co\u00fbt de sa gestion.<\/p>\n<p>Ces deux projets sanitaires s\u2019assignent pour principaux objectifs de r\u00e9duire la liste d\u2019attente, d\u2019att\u00e9nuer les pressions exerc\u00e9es sur le seul centre situ\u00e9 \u00e0 l\u2019h\u00f4pital provincial Mohammed V et de rapprocher les services de sant\u00e9 de la population rurale.<\/p>\n<p>Ils font aussi partie des programmes de l\u2019INDH dans la province de Safi, ainsi que de la carte sanitaire r\u00e9gionale et provinciale visant le rapprochement des services de sant\u00e9 et hospitaliers des citoyens du monde rural.<\/p>\n<p>Par ailleurs, M. Chaynane et la d\u00e9l\u00e9gation l\u2019accompagnant ont effectu\u00e9, dans le cadre du suivi de la campagne de vaccination contre la Covid-19, une visite au centre de sant\u00e9 dans la commune de Moul El Bergui, o\u00f9 ils se sont enquis du d\u00e9roulement de cette op\u00e9ration nationale ainsi que des mesures d\u2019ordre technique et organisationnel prises pour en assurer la fluidit\u00e9.<\/p>\n<\/div>\n<p>Auteur: Meriem IGASS<br \/>\n<a href=\"http:\/\/www.mapmarrakech.ma\/fr\/lancement-de-deux-centres-dhemodialyse\/\">Cliquez ici pour lire l&rsquo;article depuis sa source.<\/a><\/p>\n","protected":false},"excerpt":{"rendered":"<p>Commune de Had Hrara (province de Safi) \u2013 L\u2019offre sanitaire dans la province de Safi sera renforc\u00e9e par la r\u00e9alisation de deux centres d\u2019h\u00e9modialyse dans les collectivit\u00e9s territoriales de Had Hrara et de Jamaat Shaim, en vue d\u2019\u00e9largir les prestations m\u00e9dicales offertes aux habitants et d\u2019\u00e9viter aux insuffisants r\u00e9naux tout d\u00e9placement vers la cit\u00e9 des [&hellip;]<\/p>\n","protected":false},"author":1788,"featured_media":0,"comment_status":"closed","ping_status":"closed","sticky":false,"template":"","format":"standard","meta":{"fifu_image_url":"","fifu_image_alt":"","footnotes":""},"categories":[54,76],"tags":[],"class_list":["post-112455","post","type-post","status-publish","format-standard","hentry","category-maroc","category-regions"],"_links":{"self":[{"href":"https:\/\/linitiative.ca\/International\/wp-json\/wp\/v2\/posts\/112455","targetHints":{"allow":["GET"]}}],"collection":[{"href":"https:\/\/linitiative.ca\/International\/wp-json\/wp\/v2\/posts"}],"about":[{"href":"https:\/\/linitiative.ca\/International\/wp-json\/wp\/v2\/types\/post"}],"author":[{"embeddable":true,"href":"https:\/\/linitiative.ca\/International\/wp-json\/wp\/v2\/users\/1788"}],"replies":[{"embeddable":true,"href":"https:\/\/linitiative.ca\/International\/wp-json\/wp\/v2\/comments?post=112455"}],"version-history":[{"count":0,"href":"https:\/\/linitiative.ca\/International\/wp-json\/wp\/v2\/posts\/112455\/revisions"}],"wp:attachment":[{"href":"https:\/\/linitiative.ca\/International\/wp-json\/wp\/v2\/media?parent=112455"}],"wp:term":[{"taxonomy":"category","embeddable":true,"href":"https:\/\/linitiative.ca\/International\/wp-json\/wp\/v2\/categories?post=112455"},{"taxonomy":"post_tag","embeddable":true,"href":"https:\/\/linitiative.ca\/International\/wp-json\/wp\/v2\/tags?post=112455"}],"curies":[{"name":"wp","href":"https:\/\/api.w.org\/{rel}","templated":true}]}}